{"id":45545,"date":"2016-03-24T00:33:44","date_gmt":"2016-03-23T23:33:44","guid":{"rendered":"http:\/\/2horizontes.com\/?p=45545"},"modified":"2016-03-24T00:33:44","modified_gmt":"2016-03-23T23:33:44","slug":"el-presidente-de-la-an-rezo-al-nazareno-en-iglesa-de-el-recreo-en-venezuela","status":"publish","type":"post","link":"https:\/\/2horizontes.com\/?p=45545","title":{"rendered":"El presidente de la AN rez\u00f3 al Nazareno en iglesa de El Recreo en Venezuela"},"content":{"rendered":"<p>El presidente del Parlamento venezolano, Henry Ramos Allup, lleg\u00f3 este mi\u00e9rcoles a la iglesia La Inmaculada de Concepci\u00f3n, ubicada en la parroquia El Recreo de Caracas, para rezarle al Nazareno de San Pablo.<\/p>\n<p>El parlamentario rez\u00f3 frente a la imagen de Jesucristo cargando la cruz, adem\u00e1s, encendi\u00f3 una vela en el altar.<\/p>\n<p>Los ciudadanos presentes se acercaron al m\u00e1ximo representante del poder Legislativo para hablar de los problemas m\u00e1s comunes que sufren las comunidades de la capital, como la inseguridad y crisis econ\u00f3mica.<\/p>\n<p>&nbsp;<\/p>\n","protected":false},"excerpt":{"rendered":"<p>El presidente del Parlamento venezolano, Henry Ramos Allup, lleg\u00f3 este mi\u00e9rcoles a la iglesia La Inmaculada de Concepci\u00f3n, ubicada en la parroquia El Recreo de Caracas, para rezarle al Nazareno de San Pablo. El parlamentario rez\u00f3 frente a la imagen de Jesucristo cargando la cruz, adem\u00e1s, encendi\u00f3 una vela en el altar. Los ciudadanos presentes [&hellip;]<\/p>\n","protected":false},"author":13240,"featured_media":45549,"comment_status":"open","ping_status":"open","sticky":false,"template":"","format":"standard","meta":{"footnotes":""},"categories":[40,48],"tags":[],"class_list":["post-45545","post","type-post","status-publish","format-standard","has-post-thumbnail","hentry","category-internacionales","category-venezuela"],"_links":{"self":[{"href":"https:\/\/2horizontes.com\/index.php?rest_route=\/wp\/v2\/posts\/45545","targetHints":{"allow":["GET"]}}],"collection":[{"href":"https:\/\/2horizontes.com\/index.php?rest_route=\/wp\/v2\/posts"}],"about":[{"href":"https:\/\/2horizontes.com\/index.php?rest_route=\/wp\/v2\/types\/post"}],"author":[{"embeddable":true,"href":"https:\/\/2horizontes.com\/index.php?rest_route=\/wp\/v2\/users\/13240"}],"replies":[{"embeddable":true,"href":"https:\/\/2horizontes.com\/index.php?rest_route=%2Fwp%2Fv2%2Fcomments&post=45545"}],"version-history":[{"count":1,"href":"https:\/\/2horizontes.com\/index.php?rest_route=\/wp\/v2\/posts\/45545\/revisions"}],"predecessor-version":[{"id":45550,"href":"https:\/\/2horizontes.com\/index.php?rest_route=\/wp\/v2\/posts\/45545\/revisions\/45550"}],"wp:featuredmedia":[{"embeddable":true,"href":"https:\/\/2horizontes.com\/index.php?rest_route=\/wp\/v2\/media\/45549"}],"wp:attachment":[{"href":"https:\/\/2horizontes.com\/index.php?rest_route=%2Fwp%2Fv2%2Fmedia&parent=45545"}],"wp:term":[{"taxonomy":"category","embeddable":true,"href":"https:\/\/2horizontes.com\/index.php?rest_route=%2Fwp%2Fv2%2Fcategories&post=45545"},{"taxonomy":"post_tag","embeddable":true,"href":"https:\/\/2horizontes.com\/index.php?rest_route=%2Fwp%2Fv2%2Ftags&post=45545"}],"curies":[{"name":"wp","href":"https:\/\/api.w.org\/{rel}","templated":true}]}}