{"id":45461,"date":"2016-03-22T17:29:43","date_gmt":"2016-03-22T16:29:43","guid":{"rendered":"http:\/\/2horizontes.com\/?p=45461"},"modified":"2016-03-22T17:29:43","modified_gmt":"2016-03-22T16:29:43","slug":"una-de-las-bombas-en-el-aeropuerto-de-bruselas-estaba-llena-de-clavos","status":"publish","type":"post","link":"https:\/\/2horizontes.com\/?p=45461","title":{"rendered":"Una de las bombas en el aeropuerto de Bruselas estaba llena de clavos"},"content":{"rendered":"<p>El m\u00e9dico belga Marc Decramer, que est\u00e1 atendiendo a v\u00edctimas de los atentados de Bruselas en el hospital de Lovaina, ha explicado que ha atendido a diversas v\u00edctimas con heridas provocadas por cristales y clavos.<\/p>\n<p>En los atentados de Bruselas de este martes han muerto al menos 34 personas y otras 200 han resultado heridas. Los ataques se han producido en el aeropuerto de Zaventem y en la estaci\u00f3n de metro de Maalbeek.<\/p>\n<p>El atentado en la estaci\u00f3n de metro, ubicada en el barrio donde se encuentran la mayor parte de las sedes de las instituciones europeas, ha causado al menos 20 muertos y 106 heridos, dijo Mayeur en rueda de prensa.<\/p>\n<p>Los heridos han sido repartidos entre distintos hospitales de la regi\u00f3n de Bruselas y la vecina del Brabante.<\/p>\n<p>Los hospitales han activado un plan de alerta y el personal ha sido movilizado para atender el masivo flujo de pacientes.<\/p>\n<p>Adem\u00e1s se ha creado una c\u00e9lula de crisis para seguir la evoluci\u00f3n de la situaci\u00f3n cada hora.<\/p>\n<p>Al mismo tiempo, los hospitales han pedido a los ciudadanos que acudan a donar sangre para hacer frente a la demanda.<\/p>\n","protected":false},"excerpt":{"rendered":"<p>El m\u00e9dico belga Marc Decramer, que est\u00e1 atendiendo a v\u00edctimas de los atentados de Bruselas en el hospital de Lovaina, ha explicado que ha atendido a diversas v\u00edctimas con heridas provocadas por cristales y clavos. En los atentados de Bruselas de este martes han muerto al menos 34 personas y otras 200 han resultado heridas. [&hellip;]<\/p>\n","protected":false},"author":3,"featured_media":45462,"comment_status":"open","ping_status":"open","sticky":false,"template":"","format":"standard","meta":{"footnotes":""},"categories":[86,40],"tags":[],"class_list":["post-45461","post","type-post","status-publish","format-standard","has-post-thumbnail","hentry","category-europa","category-internacionales"],"_links":{"self":[{"href":"https:\/\/2horizontes.com\/index.php?rest_route=\/wp\/v2\/posts\/45461","targetHints":{"allow":["GET"]}}],"collection":[{"href":"https:\/\/2horizontes.com\/index.php?rest_route=\/wp\/v2\/posts"}],"about":[{"href":"https:\/\/2horizontes.com\/index.php?rest_route=\/wp\/v2\/types\/post"}],"author":[{"embeddable":true,"href":"https:\/\/2horizontes.com\/index.php?rest_route=\/wp\/v2\/users\/3"}],"replies":[{"embeddable":true,"href":"https:\/\/2horizontes.com\/index.php?rest_route=%2Fwp%2Fv2%2Fcomments&post=45461"}],"version-history":[{"count":1,"href":"https:\/\/2horizontes.com\/index.php?rest_route=\/wp\/v2\/posts\/45461\/revisions"}],"predecessor-version":[{"id":45463,"href":"https:\/\/2horizontes.com\/index.php?rest_route=\/wp\/v2\/posts\/45461\/revisions\/45463"}],"wp:featuredmedia":[{"embeddable":true,"href":"https:\/\/2horizontes.com\/index.php?rest_route=\/wp\/v2\/media\/45462"}],"wp:attachment":[{"href":"https:\/\/2horizontes.com\/index.php?rest_route=%2Fwp%2Fv2%2Fmedia&parent=45461"}],"wp:term":[{"taxonomy":"category","embeddable":true,"href":"https:\/\/2horizontes.com\/index.php?rest_route=%2Fwp%2Fv2%2Fcategories&post=45461"},{"taxonomy":"post_tag","embeddable":true,"href":"https:\/\/2horizontes.com\/index.php?rest_route=%2Fwp%2Fv2%2Ftags&post=45461"}],"curies":[{"name":"wp","href":"https:\/\/api.w.org\/{rel}","templated":true}]}}