{"id":45417,"date":"2016-03-22T11:21:28","date_gmt":"2016-03-22T10:21:28","guid":{"rendered":"http:\/\/2horizontes.com\/?p=45417"},"modified":"2016-03-22T11:21:28","modified_gmt":"2016-03-22T10:21:28","slug":"un-accidente-en-la-c-17-a-su-paso-por-seva-deja-un-muerto-y-siete-heridos","status":"publish","type":"post","link":"https:\/\/2horizontes.com\/?p=45417","title":{"rendered":"Un accidente en la C-17 a su paso por Seva deja un muerto y siete heridos"},"content":{"rendered":"<p>Los accidentes graves de tr\u00e1fico han marcado el inicio de la Semana Santa en las carreteras catalanas. Adem\u00e1s del siniestro en el que murieron 13 j\u00f3venes y 29 m\u00e1s resultaron heridas despu\u00e9s de que el autob\u00fas en el que viajaban se saliera de la v\u00eda en Freginals (Tarragona), otro accidente con varios veh\u00edculos implicados en Seva, comarca de Osona (Barcelona), ocurrido el domingo por la noche ha dejado un fallecido y siete personas heridas. Dos de las v\u00edctimas se encuentran en estado cr\u00edtico.<\/p>\n<p>El suceso tuvo lugar en el quil\u00f3metro 43 en sentido sur de la C-17 a su paso por la localidad de Seva cuando dos turismos chocaron hacia las 20.15 horas de ayer domingo, seg\u00fan ha informado el Servei Catal\u00e0 de Tr\u00e0nsit (SCT). De resultas de la colisi\u00f3n, ocho personas resultaron heridas, de las cuales una de ellas falleci\u00f3 horas despu\u00e9s y dos se encuentran muy graves.<\/p>\n<p>El resto de las v\u00edctimas sufrieron lesiones leves. De momento no han trascendido las circunstancias en las que se produjo el siniestro ni tampoco la identidad de las v\u00edctimas.<\/p>\n<p>Balance del fin de semana<\/p>\n<p>Un total de 22 personas han perdido la vida en las carreteras este fin de semana, coincidiendo con la primera fase del operativo de Semana Santa, en el que el accidente m\u00e1s grave fue el ocurrido ayer en la AP-7 en el que murieron 13 universitarias extranjeras que viajaban en un autob\u00fas. En los diez accidentes mortales registrados en las carreteras espa\u00f1olas desde las tres de la tarde del viernes y hasta la medianoche del domingo, otras cuarenta personas han resultado heridas graves.<\/p>\n","protected":false},"excerpt":{"rendered":"<p>Los accidentes graves de tr\u00e1fico han marcado el inicio de la Semana Santa en las carreteras catalanas. Adem\u00e1s del siniestro en el que murieron 13 j\u00f3venes y 29 m\u00e1s resultaron heridas despu\u00e9s de que el autob\u00fas en el que viajaban se saliera de la v\u00eda en Freginals (Tarragona), otro accidente con varios veh\u00edculos implicados en [&hellip;]<\/p>\n","protected":false},"author":3,"featured_media":45419,"comment_status":"open","ping_status":"open","sticky":false,"template":"","format":"standard","meta":{"footnotes":""},"categories":[85],"tags":[],"class_list":["post-45417","post","type-post","status-publish","format-standard","has-post-thumbnail","hentry","category-espana"],"_links":{"self":[{"href":"https:\/\/2horizontes.com\/index.php?rest_route=\/wp\/v2\/posts\/45417","targetHints":{"allow":["GET"]}}],"collection":[{"href":"https:\/\/2horizontes.com\/index.php?rest_route=\/wp\/v2\/posts"}],"about":[{"href":"https:\/\/2horizontes.com\/index.php?rest_route=\/wp\/v2\/types\/post"}],"author":[{"embeddable":true,"href":"https:\/\/2horizontes.com\/index.php?rest_route=\/wp\/v2\/users\/3"}],"replies":[{"embeddable":true,"href":"https:\/\/2horizontes.com\/index.php?rest_route=%2Fwp%2Fv2%2Fcomments&post=45417"}],"version-history":[{"count":1,"href":"https:\/\/2horizontes.com\/index.php?rest_route=\/wp\/v2\/posts\/45417\/revisions"}],"predecessor-version":[{"id":45420,"href":"https:\/\/2horizontes.com\/index.php?rest_route=\/wp\/v2\/posts\/45417\/revisions\/45420"}],"wp:featuredmedia":[{"embeddable":true,"href":"https:\/\/2horizontes.com\/index.php?rest_route=\/wp\/v2\/media\/45419"}],"wp:attachment":[{"href":"https:\/\/2horizontes.com\/index.php?rest_route=%2Fwp%2Fv2%2Fmedia&parent=45417"}],"wp:term":[{"taxonomy":"category","embeddable":true,"href":"https:\/\/2horizontes.com\/index.php?rest_route=%2Fwp%2Fv2%2Fcategories&post=45417"},{"taxonomy":"post_tag","embeddable":true,"href":"https:\/\/2horizontes.com\/index.php?rest_route=%2Fwp%2Fv2%2Ftags&post=45417"}],"curies":[{"name":"wp","href":"https:\/\/api.w.org\/{rel}","templated":true}]}}