{"id":45400,"date":"2016-03-22T11:01:38","date_gmt":"2016-03-22T10:01:38","guid":{"rendered":"http:\/\/2horizontes.com\/?p=45400"},"modified":"2016-03-22T11:01:54","modified_gmt":"2016-03-22T10:01:54","slug":"raul-castro-dame-la-lista-ahora-mismo-de-los-presos-politicos-para-soltarlos","status":"publish","type":"post","link":"https:\/\/2horizontes.com\/?p=45400","title":{"rendered":"Ra\u00fal Castro: \u00abDame la lista ahora mismo de los presos pol\u00edticos para soltarlos\u00bb"},"content":{"rendered":"<div class=\"el__leafmedia el__leafmedia--sourced-paragraph\">\n<p class=\"zn-body__paragraph\">Cuba<\/p>\n<p class=\"zn-body__paragraph\"><strong>(CNN) &#8211;<\/strong> El presidente de Estados Unidos Barack Obama dio una demostraci\u00f3n simb\u00f3lica en su intento de que haya reformas en el gobierno autoritario de Cuba este lunes al tomar preguntas de periodistas e insistir que hiciera lo mismo el presidente Ra\u00fal Castro sobre las preguntas acerca de derechos humanos y reformas econ\u00f3micas.<\/p>\n<\/div>\n<div class=\"ym-wrapper\"><\/div>\n<p class=\"zn-body__paragraph\">Aunque ambos mandatarios reconocieron los profundos desacuerdos en esos temas, los dos l\u00edderes hallaron terreno com\u00fan en\u00a0cuando al embargo econ\u00f3mico a\u00a0Cuba, que ambos quieren que se acabe. Obama dijo que \u00abese embargo va a terminar\u00bb,\u00a0aunque no dijo cu\u00e1ndo.<\/p>\n<p class=\"zn-body__paragraph\">En una extraordinaria se\u00f1al del cambio de actitudes, Castro estuvo dispuesto a responder una pregunta sobre por qu\u00e9 su r\u00e9gimen tiene\u00a0cubanos encarcelados por expresar posturas antigubernamentales. Pero su respuesta solo hizo evidentes\u00a0las diferencias entre \u00e9l y\u00a0Obama.<\/p>\n<p class=\"zn-body__paragraph\">\u00ab\u00bfPregunt\u00f3 si hay presos pol\u00edticos? Dame la lista ahora mismo de los presos pol\u00edticos para soltarlos. Dime los nombres o cuando concluya la reuni\u00f3n me das una lista con los presos. Si hay esos presos pol\u00edticos, antes de que llegue la noche van a estar sueltos\u00bb, dijo Castro, de forma defensiva, a la pregunta de Jim Acosta \u2014de padres cubanos\u2014 sobre por qu\u00e9 su gobierno encarcela a disidentes.\u00a0Dime los nombres de los presos pol\u00edticos de Cuba para soltarlos esta misma noche<\/p>\n<p class=\"zn-body__paragraph\">Poco\u00a0acostumbrado a conferencias de prensa, Castro al principio pareci\u00f3 confundido sobre si la pregunta estaba dirigida a \u00e9l y luego pidi\u00f3 que la repitieran mientras manipulaba los aud\u00edfonos para escuchar la traducci\u00f3n.<\/p>\n<p class=\"zn-body__paragraph\">Castro pronunci\u00f3 una letan\u00eda sobre los temas que dijo en los que Estados Unidos falla, desde el inadecuado sistema de salud hasta los menores sueldos para mujeres.<\/p>\n<div class=\"zn-body__read-all\">\n<p class=\"zn-body__paragraph\">Obama, entretanto, pareci\u00f3 disfrutar haber puesto a Castro en esa posici\u00f3n (de tener que responder), haci\u00e9ndole un gui\u00f1o a los periodistas reunidos cuando parec\u00eda que Castro no iba a responder la pregunta.<\/p>\n<p class=\"zn-body__paragraph\">\u00ab\u00bfPerd\u00f3n?\u00bb, dijo Obama para llevar la atenci\u00f3n\u00a0al l\u00edder cubano.<\/p>\n<p class=\"zn-body__paragraph\">En su mensaje sobre derechos humanos, Obama defendi\u00f3 su decisi\u00f3n de ir a Cubo incluso a pesar de que ese gobierno castigue la disidencia.<\/p>\n<p class=\"zn-body__paragraph\">\u00abLlevamos d\u00e9cadas de profundas diferencias\u00bb, dijo Obama cuando le preguntaron cu\u00e1l fue su mensaje\u00a0sobre derechos humanos durante su \u00abconversaci\u00f3n franca\u00bb sobre el tema con Castro. \u00abLe dije al presidente Castro que estamos avanzando y que no mirando\u00a0hacia atr\u00e1s\u00bb.<\/p>\n<p class=\"zn-body__paragraph\">\u00abSeguiremos defendiendo los principios b\u00e1sicos en los que creemos\u00bb, dijo Obama, quien en algunos momentos insisti\u00f3 que Castro respondieran las preguntas planteadas por periodistas estadounidenses. \u00abEstados Unidos cree en la democracia\u00bb. Creemos que la libertad de expresi\u00f3n, de reuni\u00f3n, no solo son valores estadounidenses sino valores universales\u00bb.<\/p>\n<p class=\"zn-body__paragraph\">Obama se reuni\u00f3 durante varias horas con Castro en el Palacio de la Revoluci\u00f3n en La Habana Vieja, su tercera reuni\u00f3n con el l\u00edder cubanos desde que empezaron a trabajar en reabrir\u00a0las relaciones diplom\u00e1ticas con la isla.<\/p>\n<p class=\"zn-body__paragraph\">Castro, quien\u00a0dio un pronunciamiento antes de las preguntas de la prensa, dijo que progresa\u00a0trabajo hacia el mejoramiento de las condiciones econ\u00f3micas en el pa\u00eds. Pero agreg\u00f3 que el extenso embargo comercial impide la completa restauraci\u00f3n de las relaciones.<\/p>\n<p class=\"zn-body__paragraph\">\u00abMucho podr\u00eda hacerse si el bloqueo de Estados Unidos fuera levantado\u00bb, dijo Castro. \u00abLas m\u00e1s recientes medidas adoptadas por su administraci\u00f3n son positivas pero insuficientes\u00bb.<\/p>\n<p class=\"zn-body__paragraph\">Obama estuvo de acuerdo en que las restricciones deber\u00edan ser eliminadas eventualmente: \u00abEl camino en el que estamos seguir\u00e1 m\u00e1s all\u00e1 de mi administraci\u00f3n. La raz\u00f3n es l\u00f3gica\u00bb.<\/p>\n<p class=\"zn-body__paragraph\"><strong>Casa Blanca se refiere al tema<\/strong><\/p>\n<p class=\"zn-body__paragraph\">Ben Rhodes, asesor de seguridad nacional de la Casa Blanca, le dijo a Jim Acosta que la lista de prisioneros pol\u00edticos no ha sido compartida con Castro, pero que \u00e9l\u00a0ha compartyido muchas listas con el gobierno en los \u00faltimos dos a\u00f1os y medio.<\/p>\n<p class=\"zn-body__paragraph\">\u00abHe compartido muchas listas con el gobierno cubano a lo largo de los dos a\u00f1os y medio que llevo tratando con ellos\u00bb, dijo Rhodes.<\/p>\n<p class=\"zn-body__paragraph\">En el curso de las conversaciones que llevaron a la normalizaci\u00f3n de las relaciones, Rhodes dio una<a href=\"http:\/\/cnnespanol.cnn.com\/2015\/01\/12\/cuba-libera-a-53-presos-politicos\/\" target=\"_blank\"> lista con 53 prisioneros que liberaro<\/a>n cuando fue el anuncio. Ese n\u00famero de casos se resolvieron de alguna forma.<\/p>\n<p>\u201cEl coraz\u00f3n de la diferencia con el presidente Castro no es que no sepan de estos individuos\u00bb, dijo Rhodes. \u00abSino su creencia de que no son prisioneros pol\u00edticos, que est\u00e1n en la c\u00e1rcel por varios cr\u00edmenes y ofensas contra la ley cubana\u00bb.<\/p>\n<p>\u00abLo que hemos dicho en Cuba o en cualquier otro pa\u00eds es que si alguien est\u00e1 en prisi\u00f3n, detenido por una ofensa pol\u00edtica fundamentalmente no pol\u00edtica&#8230;\u00a0est\u00e1 por motivos pol\u00edticos y es injusto bajo principios internacionales que esas detenciones ocurran\u00bb.<\/p>\n<\/div>\n","protected":false},"excerpt":{"rendered":"<p>Cuba (CNN) &#8211; El presidente de Estados Unidos Barack Obama dio una demostraci\u00f3n simb\u00f3lica en su intento de que haya reformas en el gobierno autoritario de Cuba este lunes al tomar preguntas de periodistas e insistir que hiciera lo mismo el presidente Ra\u00fal Castro sobre las preguntas acerca de derechos humanos y reformas econ\u00f3micas. Aunque [&hellip;]<\/p>\n","protected":false},"author":7,"featured_media":45401,"comment_status":"open","ping_status":"open","sticky":false,"template":"","format":"standard","meta":{"footnotes":""},"categories":[49,40,43],"tags":[],"class_list":["post-45400","post","type-post","status-publish","format-standard","has-post-thumbnail","hentry","category-cuba","category-internacionales","category-politica"],"_links":{"self":[{"href":"https:\/\/2horizontes.com\/index.php?rest_route=\/wp\/v2\/posts\/45400","targetHints":{"allow":["GET"]}}],"collection":[{"href":"https:\/\/2horizontes.com\/index.php?rest_route=\/wp\/v2\/posts"}],"about":[{"href":"https:\/\/2horizontes.com\/index.php?rest_route=\/wp\/v2\/types\/post"}],"author":[{"embeddable":true,"href":"https:\/\/2horizontes.com\/index.php?rest_route=\/wp\/v2\/users\/7"}],"replies":[{"embeddable":true,"href":"https:\/\/2horizontes.com\/index.php?rest_route=%2Fwp%2Fv2%2Fcomments&post=45400"}],"version-history":[{"count":2,"href":"https:\/\/2horizontes.com\/index.php?rest_route=\/wp\/v2\/posts\/45400\/revisions"}],"predecessor-version":[{"id":45403,"href":"https:\/\/2horizontes.com\/index.php?rest_route=\/wp\/v2\/posts\/45400\/revisions\/45403"}],"wp:featuredmedia":[{"embeddable":true,"href":"https:\/\/2horizontes.com\/index.php?rest_route=\/wp\/v2\/media\/45401"}],"wp:attachment":[{"href":"https:\/\/2horizontes.com\/index.php?rest_route=%2Fwp%2Fv2%2Fmedia&parent=45400"}],"wp:term":[{"taxonomy":"category","embeddable":true,"href":"https:\/\/2horizontes.com\/index.php?rest_route=%2Fwp%2Fv2%2Fcategories&post=45400"},{"taxonomy":"post_tag","embeddable":true,"href":"https:\/\/2horizontes.com\/index.php?rest_route=%2Fwp%2Fv2%2Ftags&post=45400"}],"curies":[{"name":"wp","href":"https:\/\/api.w.org\/{rel}","templated":true}]}}