{"id":45397,"date":"2016-03-22T10:54:09","date_gmt":"2016-03-22T09:54:09","guid":{"rendered":"http:\/\/2horizontes.com\/?p=45397"},"modified":"2016-03-22T11:58:35","modified_gmt":"2016-03-22T10:58:35","slug":"atentados-suicidas-en-bruselas-al-menos-13-muertos","status":"publish","type":"post","link":"https:\/\/2horizontes.com\/?p=45397","title":{"rendered":"Atentados suicidas en Bruselas: al menos 21 muertos"},"content":{"rendered":"<div><\/div>\n<div>BRUSELAS<\/div>\n<div><\/div>\n<div>Las explosiones fueron registradas alrededor de las ocho de la ma\u00f1ana, este martes, en <b>una terminal del aeropuerto de Zaventem<\/b>, en Bruselas, y en una estaci\u00f3n de subterr\u00e1neo cercana a las sedes de la Uni\u00f3n Europea en el centro de la ciudad.<\/div>\n<div><\/div>\n<div>Seg\u00fan un primer informe de la polic\u00eda federal, hab\u00eda un muerto y varios heridos. Pero un fiscal ya inform\u00f3 oficialmente que <b>la cifra es de al menos 21 v\u00edctimas y un n\u00famero no determinado de heridos, <\/b>que los medios cifran en 35 hasta el momento.<\/div>\n<div><\/div>\n<div>Las deflagraciones se produjeron en una puerta de embarque hacia Estados Unidos, arrollando a un gran n\u00famero de personas, se\u00f1al\u00f3 un testigo citado por la radio p\u00fablica franc\u00f3fona <i>RTBF<\/i>. El mismo testigo mencion\u00f3 <b>\u00abmucha gente ensangrentada\u00bb<\/b>.<\/div>\n<div><\/div>\n<div>\n<div id=\"2196790-Grande-914238220_wrap\" class=\"embed_cont type_imagen\">\n<div id=\"2196790-Grande-914238220_content\" class=\"embed_content\"><img decoding=\"async\" id=\"2196790-Grande-914238220_embed\" src=\"http:\/\/cdn01.am.infobae.com\/adjuntos\/163\/infografia\/014\/457\/0014457241.jpg?0000-00-00-00-00-00\" alt=\"\" \/><\/div>\n<div id=\"2196790-Grande-914238220_epigrafe\" class=\"embed_epigrafe\"><\/div>\n<div id=\"2196790-Grande-914238220_copyright\" class=\"embed_copyright\">AP<\/div>\n<\/div>\n<div id=\"2196791-Grande-1574132191_wrap\" class=\"embed_cont type_imagen\">\n<div id=\"2196791-Grande-1574132191_content\" class=\"embed_content\"><img decoding=\"async\" id=\"2196791-Grande-1574132191_embed\" src=\"http:\/\/cdn01.am.infobae.com\/adjuntos\/163\/infografia\/014\/457\/0014457247.jpg?0000-00-00-00-00-00\" alt=\"\" \/><\/div>\n<div id=\"2196791-Grande-1574132191_epigrafe\" class=\"embed_epigrafe\"><\/div>\n<div id=\"2196791-Grande-1574132191_copyright\" class=\"embed_copyright\">AP<\/div>\n<\/div>\n<\/div>\n<div><\/div>\n<div><\/div>\n<div><b>Las autoridades no confirmaron <\/b>por el momento <b>el origen <\/b>de las explosiones. Sin embargo, la agencia de noticias <i>Belga <\/i>se\u00f1ala que hubo disparos y gritos en \u00e1rabe antes de las deflagraciones. La cadena p\u00fablica <i>VTR <\/i>asegura sin citar fuentes que se trata de <b>un atentado suicida<\/b>.<\/div>\n<div>\n<div><\/div>\n<div>Todos los<b> vuelos fueron suspendidos<\/b>, a\u00f1adi\u00f3 el servicio de control del tr\u00e1fico a\u00e9reo.<\/div>\n<div><\/div>\n<div><\/div>\n<div><b>Atentado en el metro<\/b><\/div>\n<div><\/div>\n<div><b><br \/>\n<\/b><\/p>\n<div>Otra explosi\u00f3n se produjo este martes en la estaci\u00f3n <b>del tren subterr\u00e1neo del barrio donde se encuentran las instituciones europeas<\/b> en Bruselas, indicaron un empleado de la empresa de transporte p\u00fablico y testigos a medios locales.<\/div>\n<div><\/div>\n<div>En la entrada de la estaci\u00f3n de Maalbeek pod\u00eda verse humo negro, seg\u00fan im\u00e1genes de la televisi\u00f3n p\u00fablica <i>RTBF<\/i>.<\/div>\n<\/div>\n<div><\/div>\n<div>Las explosiones se produjeron dos d\u00edas despu\u00e9s de que el principal sospechoso por los atentados de Par\u00eds, Salah Abdeslam, fuera detenido en Bruselas.<\/div>\n<\/div>\n","protected":false},"excerpt":{"rendered":"<p>BRUSELAS Las explosiones fueron registradas alrededor de las ocho de la ma\u00f1ana, este martes, en una terminal del aeropuerto de Zaventem, en Bruselas, y en una estaci\u00f3n de subterr\u00e1neo cercana a las sedes de la Uni\u00f3n Europea en el centro de la ciudad. Seg\u00fan un primer informe de la polic\u00eda federal, hab\u00eda un muerto y [&hellip;]<\/p>\n","protected":false},"author":7,"featured_media":45398,"comment_status":"open","ping_status":"open","sticky":false,"template":"","format":"standard","meta":{"footnotes":""},"categories":[86,40],"tags":[],"class_list":["post-45397","post","type-post","status-publish","format-standard","has-post-thumbnail","hentry","category-europa","category-internacionales"],"_links":{"self":[{"href":"https:\/\/2horizontes.com\/index.php?rest_route=\/wp\/v2\/posts\/45397","targetHints":{"allow":["GET"]}}],"collection":[{"href":"https:\/\/2horizontes.com\/index.php?rest_route=\/wp\/v2\/posts"}],"about":[{"href":"https:\/\/2horizontes.com\/index.php?rest_route=\/wp\/v2\/types\/post"}],"author":[{"embeddable":true,"href":"https:\/\/2horizontes.com\/index.php?rest_route=\/wp\/v2\/users\/7"}],"replies":[{"embeddable":true,"href":"https:\/\/2horizontes.com\/index.php?rest_route=%2Fwp%2Fv2%2Fcomments&post=45397"}],"version-history":[{"count":2,"href":"https:\/\/2horizontes.com\/index.php?rest_route=\/wp\/v2\/posts\/45397\/revisions"}],"predecessor-version":[{"id":45450,"href":"https:\/\/2horizontes.com\/index.php?rest_route=\/wp\/v2\/posts\/45397\/revisions\/45450"}],"wp:featuredmedia":[{"embeddable":true,"href":"https:\/\/2horizontes.com\/index.php?rest_route=\/wp\/v2\/media\/45398"}],"wp:attachment":[{"href":"https:\/\/2horizontes.com\/index.php?rest_route=%2Fwp%2Fv2%2Fmedia&parent=45397"}],"wp:term":[{"taxonomy":"category","embeddable":true,"href":"https:\/\/2horizontes.com\/index.php?rest_route=%2Fwp%2Fv2%2Fcategories&post=45397"},{"taxonomy":"post_tag","embeddable":true,"href":"https:\/\/2horizontes.com\/index.php?rest_route=%2Fwp%2Fv2%2Ftags&post=45397"}],"curies":[{"name":"wp","href":"https:\/\/api.w.org\/{rel}","templated":true}]}}