{"id":45391,"date":"2016-03-21T19:22:05","date_gmt":"2016-03-21T18:22:05","guid":{"rendered":"http:\/\/2horizontes.com\/?p=45391"},"modified":"2016-03-21T19:22:05","modified_gmt":"2016-03-21T18:22:05","slug":"renzi-viaja-a-catalunya-para-apoyar-a-los-familiares-de-las-victimas-del-accidente-de-tarragona","status":"publish","type":"post","link":"https:\/\/2horizontes.com\/?p=45391","title":{"rendered":"Renzi viaja a Catalunya para apoyar a los familiares de las v\u00edctimas del accidente de Tarragona"},"content":{"rendered":"<p>El primer ministro de Italia, Matteo Renzi, ha viajado este lunes a Catalunya para acompa\u00f1ar a los familiares de las siete j\u00f3venes italianas que han perdido la vida en el accidente de autob\u00fas de Freginals (Tarragona) , han informado fuentes del Govern. El presidente de la Generalitat, Carles Puigdemont, ha recibido al primer ministro italiano en el aeropuerto de Reus, desde d\u00f3nde ambos se han desplazado a los hospitales donde est\u00e1n ingresados los heridos.<\/p>\n<p>Seg\u00fan han explicado fuentes de la Generalitat, Puigdemont ha conversado con Renzi y le ha transmitido \u201ctoda la informaci\u00f3n\u201d de la que dispone el gobierno catal\u00e1n sobre las circunstancias del accidente.<\/p>\n<p>En la comitiva de recibimiento, tambi\u00e9n se encontraban la delegada del Gobierno en Catalunya, Mar\u00eda de los Llanos de Luna, y el subdelegado en Tarragona, Jordi Sierra.<\/p>\n<p>El primer ministro italiano y el presidente de la Generalitat han llegado alrededor de las 18:30 horas al Hospital Verge de la Cinta de Tortosa para visitar a seis v\u00edctimas del accidente. Ambos han estado unos 15 minutos en el centro hospitalario.<\/p>\n<p>Renzi ha llegado al centro hospitalario junto a Puigdemont, el conseller de Exteriors, Ra\u00fcl Romeva, y en el mismo hospital ya estaba el conseller de Salut, Toni Com\u00edn. Tras visitar el hospital de Tortosa, el mandatario italiano ha partido hacia el Hospital Joan XXIII de Tarragona, donde tambi\u00e9n permanecen ingresadas v\u00edctimas del siniestro.<\/p>\n<p>La comitiva oficial tambi\u00e9n visitar\u00e1 el Tanatorio de Jes\u00fas, donde se encuentran los cad\u00e1veres de las j\u00f3venes fallecidas, as\u00ed como el Cl\u00ednic de Barcelona, donde se encuentran ingresadas otros heridos.<\/p>\n<p>La conselleria de Interior precisa que se trata de una \u201cvisita privada\u201d del mandatario italiano, ya que tiene una vinculaci\u00f3n personal con la familia de una de las v\u00edctimas.<\/p>\n<p>Renzi ha expresado su deseo de no hacer declaraciones a los medios de comunicaci\u00f3n para poder aprovechar su breve estancia en Tortosa para acompa\u00f1ar a las familias de las siete v\u00edctimas mortales italianas del accidente y expresarles su solidaridad, seg\u00fan han informado fuentes gubernamentales.<\/p>\n<p>Conmoci\u00f3n en Italia<\/p>\n<p>El accidente se produjo ayer domingo en la autopista AP-7, en Freginals (Tarragona), y se sald\u00f3 por el momento con la muerte de trece alumnas universitarias que realizaban un curso del programa Erasmus en la Universidad de Barcelona.<\/p>\n<p>De las v\u00edctimas mortales siete eran de nacionalidad italiana, dos alemanas, una rumana, una francesa, una austr\u00edaca y una uzbeca, seg\u00fan ha confirmado la Generalitat.<\/p>\n<p>Los cad\u00e1veres se encuentran en el hospital de Tortosa, donde ser\u00e1n identificados, mientras que el Parador de la misma localidad ha sido habilitado para acoger a los familiares de las v\u00edctimas. A causa del siniestro, 34 personas fueron hospitalizadas en un primer momento, aunque varias recibieron el alta posteriormente.<\/p>\n<p>El suceso ha conmocionado a Italia y Renzi, en un mensaje en la red social Twitter, ha asegurado que tiene \u00abel coraz\u00f3n roto por las v\u00edctimas italianas y por las otras j\u00f3venes vidas destruidas\u00bb.<\/p>\n","protected":false},"excerpt":{"rendered":"<p>El primer ministro de Italia, Matteo Renzi, ha viajado este lunes a Catalunya para acompa\u00f1ar a los familiares de las siete j\u00f3venes italianas que han perdido la vida en el accidente de autob\u00fas de Freginals (Tarragona) , han informado fuentes del Govern. El presidente de la Generalitat, Carles Puigdemont, ha recibido al primer ministro italiano [&hellip;]<\/p>\n","protected":false},"author":3,"featured_media":45392,"comment_status":"open","ping_status":"open","sticky":false,"template":"","format":"standard","meta":{"footnotes":""},"categories":[85],"tags":[],"class_list":["post-45391","post","type-post","status-publish","format-standard","has-post-thumbnail","hentry","category-espana"],"_links":{"self":[{"href":"https:\/\/2horizontes.com\/index.php?rest_route=\/wp\/v2\/posts\/45391","targetHints":{"allow":["GET"]}}],"collection":[{"href":"https:\/\/2horizontes.com\/index.php?rest_route=\/wp\/v2\/posts"}],"about":[{"href":"https:\/\/2horizontes.com\/index.php?rest_route=\/wp\/v2\/types\/post"}],"author":[{"embeddable":true,"href":"https:\/\/2horizontes.com\/index.php?rest_route=\/wp\/v2\/users\/3"}],"replies":[{"embeddable":true,"href":"https:\/\/2horizontes.com\/index.php?rest_route=%2Fwp%2Fv2%2Fcomments&post=45391"}],"version-history":[{"count":1,"href":"https:\/\/2horizontes.com\/index.php?rest_route=\/wp\/v2\/posts\/45391\/revisions"}],"predecessor-version":[{"id":45393,"href":"https:\/\/2horizontes.com\/index.php?rest_route=\/wp\/v2\/posts\/45391\/revisions\/45393"}],"wp:featuredmedia":[{"embeddable":true,"href":"https:\/\/2horizontes.com\/index.php?rest_route=\/wp\/v2\/media\/45392"}],"wp:attachment":[{"href":"https:\/\/2horizontes.com\/index.php?rest_route=%2Fwp%2Fv2%2Fmedia&parent=45391"}],"wp:term":[{"taxonomy":"category","embeddable":true,"href":"https:\/\/2horizontes.com\/index.php?rest_route=%2Fwp%2Fv2%2Fcategories&post=45391"},{"taxonomy":"post_tag","embeddable":true,"href":"https:\/\/2horizontes.com\/index.php?rest_route=%2Fwp%2Fv2%2Ftags&post=45391"}],"curies":[{"name":"wp","href":"https:\/\/api.w.org\/{rel}","templated":true}]}}