{"id":45382,"date":"2016-03-21T14:15:38","date_gmt":"2016-03-21T13:15:38","guid":{"rendered":"http:\/\/2horizontes.com\/?p=45382"},"modified":"2016-03-21T14:15:38","modified_gmt":"2016-03-21T13:15:38","slug":"un-grupo-de-estudiantes-catalanes-atrapados-en-munich-por-la-huelga-de-controladores-franceses","status":"publish","type":"post","link":"https:\/\/2horizontes.com\/?p=45382","title":{"rendered":"Un grupo de estudiantes catalanes, atrapados en M\u00fanich por la huelga de controladores franceses"},"content":{"rendered":"<p>La huelga de controladores a\u00e9reos franceses est\u00e1 causando un caos en muchos de los aeropuertos de Europa.<\/p>\n<p>Todos los vuelos con destino a Francia, o que deb\u00edan sobrevolar su espacio a\u00e9reo, han sufrido importantes retrasos o cancelaciones directamente. Entre los miles de afectados hay un grupo de estudiantes del Institut Reguissol que han sido abandonados a su suerte en el aeropuerto de M\u00fanich.<\/p>\n<p>Se trata de 19 alumnos menores de edad y dos profesores que estaban en la ciudad germana de viaje de estudios. Este domingo deb\u00edan regresar hacia Barcelona, pero la huelga de controladores franceses se lo impidi\u00f3.<\/p>\n<p>La expedici\u00f3n se encontr\u00f3 con la cancelaci\u00f3n en el mismo aeropuerto a las 22:00 horas y Vueling, la compa\u00f1\u00eda con la que volaban, no les garantizaba nada.<\/p>\n<p>Ricardo Iranzo, uno de los afectados en M\u00fanich ha relatado a La Vanguardia que puede entender \u201cla huelga, pero no la falta de atenci\u00f3n y planificaci\u00f3n.<\/p>\n<p>Hab\u00eda ni\u00f1os sin comer ni beber desde el mediod\u00eda. No nos dieron ni un v\u00e1ucher.<\/p>\n<p>Los que vinieron a darnos explicaciones solo eran staff del aeropuerto y no respond\u00edan por Vueling. No puedes cancelar un vuelo a media noche y que tu plan sea desear suerte. No es tercermundista, es de caraduras\u201d.<\/p>\n<p>A algunos nos han cambiado el vuelo para hoy y ma\u00f1ana. Otros directamente han comprado un vuelo en otra compa\u00f1\u00eda sabiendo que van a perder dinero, ya que Vueling no pagar\u00eda hasta el jueves y no pueden costearse estar tantos d\u00edas en M\u00fanich.<\/p>\n<p>Yo mismo tengo otro vuelo para esta tarde, pero en Vueling ya me han dicho que es muy probable que se vuelva a cancelar\u201d, explica Ricardo, que viajaba con otro grupo de adultos junto a los estudiantes.<\/p>\n<p>Como la compa\u00f1\u00eda no se hac\u00eda cargo del alojamiento, los 150 que \u00edbamos a volar nos quedamos all\u00ed. La gente durmi\u00f3 en el suelo delante de los mostradores o como pudo\u201d, narra.<\/p>\n<p>La incertidumbre dio paso a la desesperaci\u00f3n y algunos de los afectados llevaron sus quejas a las redes sociales. Ah\u00ed han denunciado que la compa\u00f1\u00eda les ha tenido durante horas sin ninguna informaci\u00f3n y sin haberles ofrecido una alternativa para pasar la noche o algo de alimento.<\/p>\n<p>Desde la compa\u00f1\u00eda han informado que las restricciones en su actividad habitual son debidas a la huelga de controladores de ayer y hoy.<\/p>\n<p>Seg\u00fan relata Vueling, avisaron a los pasajeros afectados por las cancelaciones mediante mails o sms y les han ofrecido tres alternativas: cambiar de forma gratuita el billete por otro anterior o siguiente al afectado, cambiarlo por cualquier otro vuelo abonando s\u00f3lo la diferencia de precio si la hubiera o solicitar el reembolso del trayecto afecto, que se realizar\u00eda en un t\u00e9rmino de siete d\u00edas.<\/p>\n<p>Vueling, una de las compa\u00f1\u00edas m\u00e1s afectadas por la huelga de controladores, ha informado a La Vanguardia que sufrir\u00e1n 28 cancelaciones en el d\u00eda de hoy. De ellas, 20 tendr\u00e1n origen o destino Barcelona.<\/p>\n<p>Al tratarse de una causa completamente ajena a la compa\u00f1\u00eda \u00e9sta no tendr\u00eda la responsabilidad de reembolsar el importe, pero en este caso concreto de la huelga de controladores franceses s\u00ed que lo est\u00e1n haciendo.<\/p>\n","protected":false},"excerpt":{"rendered":"<p>La huelga de controladores a\u00e9reos franceses est\u00e1 causando un caos en muchos de los aeropuertos de Europa. Todos los vuelos con destino a Francia, o que deb\u00edan sobrevolar su espacio a\u00e9reo, han sufrido importantes retrasos o cancelaciones directamente. Entre los miles de afectados hay un grupo de estudiantes del Institut Reguissol que han sido abandonados [&hellip;]<\/p>\n","protected":false},"author":3,"featured_media":45383,"comment_status":"open","ping_status":"open","sticky":false,"template":"","format":"standard","meta":{"footnotes":""},"categories":[85,40],"tags":[],"class_list":["post-45382","post","type-post","status-publish","format-standard","has-post-thumbnail","hentry","category-espana","category-internacionales"],"_links":{"self":[{"href":"https:\/\/2horizontes.com\/index.php?rest_route=\/wp\/v2\/posts\/45382","targetHints":{"allow":["GET"]}}],"collection":[{"href":"https:\/\/2horizontes.com\/index.php?rest_route=\/wp\/v2\/posts"}],"about":[{"href":"https:\/\/2horizontes.com\/index.php?rest_route=\/wp\/v2\/types\/post"}],"author":[{"embeddable":true,"href":"https:\/\/2horizontes.com\/index.php?rest_route=\/wp\/v2\/users\/3"}],"replies":[{"embeddable":true,"href":"https:\/\/2horizontes.com\/index.php?rest_route=%2Fwp%2Fv2%2Fcomments&post=45382"}],"version-history":[{"count":1,"href":"https:\/\/2horizontes.com\/index.php?rest_route=\/wp\/v2\/posts\/45382\/revisions"}],"predecessor-version":[{"id":45384,"href":"https:\/\/2horizontes.com\/index.php?rest_route=\/wp\/v2\/posts\/45382\/revisions\/45384"}],"wp:featuredmedia":[{"embeddable":true,"href":"https:\/\/2horizontes.com\/index.php?rest_route=\/wp\/v2\/media\/45383"}],"wp:attachment":[{"href":"https:\/\/2horizontes.com\/index.php?rest_route=%2Fwp%2Fv2%2Fmedia&parent=45382"}],"wp:term":[{"taxonomy":"category","embeddable":true,"href":"https:\/\/2horizontes.com\/index.php?rest_route=%2Fwp%2Fv2%2Fcategories&post=45382"},{"taxonomy":"post_tag","embeddable":true,"href":"https:\/\/2horizontes.com\/index.php?rest_route=%2Fwp%2Fv2%2Ftags&post=45382"}],"curies":[{"name":"wp","href":"https:\/\/api.w.org\/{rel}","templated":true}]}}