{"id":45329,"date":"2016-03-20T23:22:46","date_gmt":"2016-03-20T22:22:46","guid":{"rendered":"http:\/\/2horizontes.com\/?p=45329"},"modified":"2016-03-20T23:22:46","modified_gmt":"2016-03-20T22:22:46","slug":"asociacion-de-azuanos-en-madrid-conmemoran-el-172-aniversario-de-la-batalla-del-19-de-marzo","status":"publish","type":"post","link":"https:\/\/2horizontes.com\/?p=45329","title":{"rendered":"Asociaci\u00f3n de Azuanos en Madrid conmemoran  el 172  aniversario  de la Batalla  del 19 de Marzo"},"content":{"rendered":"<p>Dominicanos \u00a0descendientes de Azua \u00a0residentes en \u00a0Madrid celebraron el 172 aniversario de\u00a0La Batalla del 19 de Marzo; la cual fue la primera que se libr\u00f3 en defensa de la Independencia Nacional contra de las fuerzas haitianas y estuvo encabezada entre otros por el general Pedro Santana, Antonio Duverg\u00e9 y Francisco So\u00f1\u00e9.<\/p>\n<p>La celebraci\u00f3n \u00a0cont\u00f3 con la\u00a0participaci\u00f3n del \u00a0dominicano Lic. Amin Arias Garabito,quien hizo una breve rese\u00f1a hist\u00f3rica \u00a0de lo que fue la Batalla Del 19 de Marzo.<\/p>\n<p><a href=\"http:\/\/2horizontes.com\/wp-content\/uploads\/2016\/03\/a22.jpg\" rel=\"attachment wp-att-45332\"><img loading=\"lazy\" decoding=\"async\" class=\"size-medium wp-image-45332 alignleft\" src=\"http:\/\/2horizontes.com\/wp-content\/uploads\/2016\/03\/a22-300x186.jpg\" alt=\"a22\" width=\"300\" height=\"186\" srcset=\"https:\/\/2horizontes.com\/wp-content\/uploads\/2016\/03\/a22-300x186.jpg 300w, https:\/\/2horizontes.com\/wp-content\/uploads\/2016\/03\/a22-768x476.jpg 768w, https:\/\/2horizontes.com\/wp-content\/uploads\/2016\/03\/a22-510x316.jpg 510w, https:\/\/2horizontes.com\/wp-content\/uploads\/2016\/03\/a22.jpg 960w\" sizes=\"auto, (max-width: 300px) 100vw, 300px\" \/><\/a>Los Azuanos \u00a0tambi\u00e9n coronaron a una joven oriunda del pueblo dominicano Azua como la reina del evento en honor a la Batalla Del 19 de Marzo.<\/p>\n<p>La \u00a0mesa directiva cont\u00f3 con la presencia del candidato a diputado de ultramar Santiago Arias, la presidenta de la Asociaci\u00f3n de Azuanos en Madrid Candy Diaz,el Lic. Rafa\u00e8l Olmo Ram\u00ecrez y el artista \u00a0azuano Hamlet Ram\u00ecrez, quien cerro el evento \u00a0uno de su tema musical.<\/p>\n<p>El evento fue organizado \u00a0por el se\u00f1or Julio Vargas (El Bebo )<\/p>\n<p>&nbsp;<\/p>\n<p>&nbsp;<\/p>\n<p>&nbsp;<\/p>\n","protected":false},"excerpt":{"rendered":"<p>Dominicanos \u00a0descendientes de Azua \u00a0residentes en \u00a0Madrid celebraron el 172 aniversario de\u00a0La Batalla del 19 de Marzo; la cual fue la primera que se libr\u00f3 en defensa de la Independencia Nacional contra de las fuerzas haitianas y estuvo encabezada entre otros por el general Pedro Santana, Antonio Duverg\u00e9 y Francisco So\u00f1\u00e9. La celebraci\u00f3n \u00a0cont\u00f3 con [&hellip;]<\/p>\n","protected":false},"author":4,"featured_media":45331,"comment_status":"open","ping_status":"open","sticky":false,"template":"","format":"standard","meta":{"footnotes":""},"categories":[62,46,54],"tags":[],"class_list":["post-45329","post","type-post","status-publish","format-standard","has-post-thumbnail","hentry","category-cultura","category-dominicanos-en-madrid","category-emigrantes"],"_links":{"self":[{"href":"https:\/\/2horizontes.com\/index.php?rest_route=\/wp\/v2\/posts\/45329","targetHints":{"allow":["GET"]}}],"collection":[{"href":"https:\/\/2horizontes.com\/index.php?rest_route=\/wp\/v2\/posts"}],"about":[{"href":"https:\/\/2horizontes.com\/index.php?rest_route=\/wp\/v2\/types\/post"}],"author":[{"embeddable":true,"href":"https:\/\/2horizontes.com\/index.php?rest_route=\/wp\/v2\/users\/4"}],"replies":[{"embeddable":true,"href":"https:\/\/2horizontes.com\/index.php?rest_route=%2Fwp%2Fv2%2Fcomments&post=45329"}],"version-history":[{"count":1,"href":"https:\/\/2horizontes.com\/index.php?rest_route=\/wp\/v2\/posts\/45329\/revisions"}],"predecessor-version":[{"id":45333,"href":"https:\/\/2horizontes.com\/index.php?rest_route=\/wp\/v2\/posts\/45329\/revisions\/45333"}],"wp:featuredmedia":[{"embeddable":true,"href":"https:\/\/2horizontes.com\/index.php?rest_route=\/wp\/v2\/media\/45331"}],"wp:attachment":[{"href":"https:\/\/2horizontes.com\/index.php?rest_route=%2Fwp%2Fv2%2Fmedia&parent=45329"}],"wp:term":[{"taxonomy":"category","embeddable":true,"href":"https:\/\/2horizontes.com\/index.php?rest_route=%2Fwp%2Fv2%2Fcategories&post=45329"},{"taxonomy":"post_tag","embeddable":true,"href":"https:\/\/2horizontes.com\/index.php?rest_route=%2Fwp%2Fv2%2Ftags&post=45329"}],"curies":[{"name":"wp","href":"https:\/\/api.w.org\/{rel}","templated":true}]}}