{"id":45202,"date":"2016-03-18T17:32:12","date_gmt":"2016-03-18T16:32:12","guid":{"rendered":"http:\/\/2horizontes.com\/?p=45202"},"modified":"2016-03-18T17:32:12","modified_gmt":"2016-03-18T16:32:12","slug":"literatura-dominicana-en-puerto-rico","status":"publish","type":"post","link":"https:\/\/2horizontes.com\/?p=45202","title":{"rendered":"Literatura dominicana en Puerto Rico"},"content":{"rendered":"<div id=\"ArticleAuthorDiv\" class=\"article-body-author\"><\/div>\n<div id=\"ArticleSourceDiv\" class=\"article-body-author\"><b>Santo Domingo<\/b><\/div>\n<div id=\"ArticleBody\">\n<p>En una tarde soleada de abril de 1979, Eugenio Garc\u00eda Cuevas lleg\u00f3 a Puerto Rico. No imagin\u00f3 que su estad\u00eda en esta isla ser\u00eda el motor para su despertar literario.<\/p>\n<p>En La Vega, su ciudad natal, trabaj\u00f3 como aprendiz en la sastrer\u00eda del ahora sacerdote Bienvenido Col\u00f3n. El escritor expresa que \u00a0\u201csin ser escritor \u00a0ni pol\u00edtico y solo siendo un modesto maestro de sastrer\u00eda\u201d, este sacerdote fue una de las personas m\u00e1s influyentes en su inclinaci\u00f3n por la escritura.<\/p>\n<p>Entre los pedales de las maquinas se encontraba una variedad de libros, se le\u00edan peri\u00f3dicos y se escuchaba mucho la radio. Esto le permiti\u00f3 a Eugenio Garc\u00eda Cuevas aprender \u201cde los silencios, los ruidos, las palabras, los gestos, los rituales, los tonos, la disciplina, las bondades, las ma\u00f1as, la camarader\u00eda, las canciones\u201d, que alg\u00fan d\u00eda lo empujar\u00edan por el mundo de la palabra escrita.<\/p>\n<p>A su llegada a Puerto Rico logr\u00f3 concluir sus estudios de bachiller a trav\u00e9s de ex\u00e1menes libres, y para 1984 ya se hab\u00eda graduado de Literatura e Historia. Las cartas escritas a su madre y a sus amigos desde la Isla del Encanto fueron sus primeras producciones literarias. El escritor resalta que quiz\u00e1s en las cartas se encuentren \u201clos mejores textos literarios, po\u00e9ticos y humanos de la literatura dominicana producida en el exterior\u201d.<\/p>\n<p>Su primer texto po\u00e9tico era de corte rom\u00e1ntico, centrado en la tragedia de un naufragio sucedido en la costa de Cabo Rojo, al oeste de la isla. Este poema llam\u00f3 la atenci\u00f3n de la revista \u2018La Torre del Viejo\u2019, que m\u00e1s adelante public\u00f3 el texto. Esta publicaci\u00f3n constituy\u00f3 para el entonces joven escritor \u201cun est\u00edmulo y ejemplo de la solidaridad antillanista\u201d, pues para 1981 los nombres de Jos\u00e9 Mart\u00ed, M\u00e1ximo G\u00f3mez, Juan Bosch, Pedro Mir, y otros escritores reconocidos estaban vivos en la memoria de los lectores.<\/p>\n<p>Como cualquier joven dominicano que visita otro pa\u00eds por primera vez, tuvo deseos de conocer sobre la historia de Puerto Rico. Su poeta y amigo Gilberto Hern\u00e1ndez y el profesor puertorrique\u00f1o Mario Rodr\u00edguez fueron personas muy determinantes para su formaci\u00f3n intelectual.<\/p>\n<p>Particip\u00f3 en grupos de izquierda, en un taller de formaci\u00f3n pol\u00edtica, y en un consistente plan de estudio de literatura marxista y filos\u00f3fica. Bajo estas circunstancias se le despert\u00f3 un deseo insaciable \u201cde saber cada vez m\u00e1s del pa\u00eds donde hab\u00eda nacido\u201d, comenta el escritor.<\/p>\n<p>Tras el inter\u00e9s por la dominicanidad de los miembros del grupo pol\u00edtico al que pertenec\u00eda, se vio obligado a consultar los pocos libros que ten\u00eda a disposici\u00f3n sobre Rep\u00fablica Dominicana. El escritor y ensayista resalta que \u201cfueron varios los art\u00edculos que publiqu\u00e9 sin mi firma en algunas revistas de izquierda, pues como migrante se entend\u00eda que no deb\u00eda participar de estos grupos\u201d.<\/p>\n<p>Retazos de tela de la sastrer\u00eda y las tiendas donde trabajaba, sirvieron como base para que este escritor hambriento plasmara sus ideas. En la biblioteca de Maritza, su hermana fallecida, Garc\u00eda Cuevas tuvo la oportunidad de leer a los escritores dominicanos Pedro Mir, Juan Bosch, y a los puertorrique\u00f1os Julia de Burgos y Luis Pal\u00e9s Matos.<\/p>\n<p>A su paso por el mundo pol\u00edtico y social puertorrique\u00f1o contin\u00fao cultivando la expresi\u00f3n literaria. Gracias a esta uni\u00f3n, le naci\u00f3 un compromiso de \u201cdar a conocer a los escritores dominicanos en Puerto Rico, ya que la literatura dominicana no ten\u00eda la misma difusi\u00f3n que otros pa\u00edses de habla hispana en suelo puertorrique\u00f1o\u201d, aclara.<\/p>\n<p>Los \u00fanicos nombres \u00a0mencionados a nivel de literatura eran los de Pedro Henr\u00edquez Ure\u00f1a, Juan Bosch y Pedro Mir, por los expertos en literatura. Consider\u00f3 hacer una antolog\u00eda panor\u00e1mica de la literatura dominicana, exclusivamente al p\u00fablico puertorrique\u00f1o. La falta de recursos le impidi\u00f3 trabajar esta obra.<\/p>\n<p>Tambi\u00e9n, mientras el ensayista estaba de visita en su pa\u00eds, entraba a las librer\u00edas de Santo Domingo. Esto le permiti\u00f3 hacer una valiosa biblioteca personal de autores dominicanos.<\/p>\n<p>Se suscribi\u00f3 a revistas, compraba los peri\u00f3dicos que llegaban cada lunes a Puerto Rico, y hac\u00eda archivos de recortes period\u00edsticos. \u201cMe gastaba mucho dinero, pero era la \u00fanica manera de mantenerme algo al d\u00eda, por lo menos documentalmente, en cuanto al acontecer hist\u00f3rico, literario y la actualidad del pa\u00eds\u201d, enfatiza el escritor.<\/p>\n<p>Trabajos period\u00edsticos<\/p>\n<p>El se\u00f1or Pedro Rojas fue el responsable de que los escritos del ensayista empezaran a ser publicados en el peri\u00f3dico \u2018El Nuevo D\u00eda\u2019. Este medio goz\u00f3 de tener entre sus correctores de estilo a Eugenio Garc\u00eda Cuevas, quien luego pas\u00f3 a ser editor de cierre de la secci\u00f3n cultural.<\/p>\n<p>Mientras ejerc\u00eda esta funci\u00f3n, empez\u00f3 hacer entrevistas a escritores. Como resultado de esto, crea \u00a0la columna cr\u00edtica \u2018Subrayados\u2019, que consist\u00eda en un ensayo cr\u00edtico sobre un libro.<\/p>\n<p>Sus escritos han sido galardonados varias veces con los premios m\u00e1s importantes y prestigiosos que se otorgan en Puerto Rico. Destac\u00e1ndose entre ellos el Pen Club de Puerto Rico y en varias ocasiones el Overseas Press Club de Puerto Rico.<\/p>\n<p>Para el a\u00f1o 2002 sale del peri\u00f3dico El Nuevo D\u00eda. El escritor declar\u00f3 que \u201cpor asuntos que ya hoy d\u00eda ni merece la pena mencionar\u201d. En este per\u00edodo da clases sueltas en varias escuelas, correcciones y ediciones de libros. Luego, fue contratado como editor cultural del peri\u00f3dico Di\u00e1logo de la Universidad de Puerto Rico.<\/p>\n<p>Tras las secuelas de una huelga en la universidad, el peri\u00f3dico entr\u00f3 en crisis. En medio de esa crisis, el ensayista not\u00f3 que mucha gente fue desechada ante los nuevos paradigmas de la comunicaci\u00f3n. \u201cUn buen d\u00eda renunci\u00e9 y decid\u00ed quedarme solamente dando clases y escribiendo\u201d, comenta.<\/p>\n<p>\u201cEscritor\u201d<\/p>\n<p>Eugenio Garc\u00eda Cuevas entiende que no merece el t\u00edtulo de escritor, pues menciona que lo es \u201cen construcci\u00f3n\u201d. Esto, al saber que la Feria del Libro Dominicano en Nueva York 2016 ha sido dedicada en su honor.<\/p>\n<p>En enero de 2015, \u00a0el Comisionado de Cultura Dominicana en los Estados Unidos le notific\u00f3 la grata noticia de la merecida menci\u00f3n por su obra y trayectoria. Lo primero que pens\u00f3 el ensayista era que otra persona lo merec\u00eda, haciendo honor a la humildad que le caracteriza.<\/p>\n<p>Resalta que muchas personas tienden a reducirlo a periodista, quiz\u00e1s porque nunca han le\u00eddo sus relatos y mucho menos su poes\u00eda.<\/p>\n<p>Como lector cr\u00edtico, no opina de lo que no ha le\u00eddo. Adem\u00e1s, asegura que no se debe hacer cr\u00edticas de textos de amigos o enemigos porque \u201cestar\u00edamos perdidos\u201d, por lo que no acepta una cr\u00edtica de nadie que no lo haya le\u00eddo, as\u00ed sea buena. Y resalta en este \u00e1mbito a Umberto Eco cuando dec\u00eda \u201cTodo texto es un campo abierto\u201d.<\/p>\n<p>Editorial Isla Negra<\/p>\n<p>Con 25 a\u00f1os de creaci\u00f3n, este importante sello editorial ha logrado ser el primero en vender derechos de autor a nivel internacional. Fue fundado en San Juan, Puerto Rico, en 1992 por el poeta dom\u00ednico-puertorrique\u00f1o Carlos Roberto G\u00f3mez Beras, y el artista pl\u00e1stico y poeta puertorrique\u00f1o, Iv\u00e1n Figueroa Luciano.<\/p>\n<p>El escritor dominicano M\u00e9dar Serrata, explic\u00f3 para el portal Editores y Editoriales Iberoamericanas, que la idea del proyecto Isla Negra Editores, surgi\u00f3 con la aparici\u00f3n del primer poemario de G\u00f3mez Beras \u201cViaje a la noche\u201d, ganador del Premio Nacional del PEN Club de Puerto Rico.<\/p>\n<p>\u201cEl libro fue publicado por la editorial Publicaciones Puertorrique\u00f1as, donde Figueroa Luciano se desempe\u00f1aba como dise\u00f1ador gr\u00e1fico, bajo una colecci\u00f3n titulada Colecci\u00f3n Isla Negra, en homenaje a la casa que Pablo Neruda ten\u00eda en la localidad del mismo nombre\u201d, comenta Serrata.<\/p>\n<p>El arte de las portadas, las obras de pintores, as\u00ed como las biograf\u00edas incluidas en el doblez de la cubierta, son algunas de las caracter\u00edsticas que resaltan en las publicaciones de Isla Negra Editores.<\/p>\n<p>La idea original de los fundadores era dar conocer a los escritores puertorrique\u00f1os de la Generaci\u00f3n de los 80. Desde entonces, Isla Negra Editores ha ampliado su red para incluir autores de otras generaciones y otras latitudes.<\/p>\n<p>Con un impresionante cat\u00e1logo, que tiene un estimado de 500 t\u00edtulos, se encuentran obras de algunos de los autores m\u00e1s prestigiosos de la literatura contempor\u00e1nea de Puerto Rico, Rep\u00fablica Dominicana y Cuba. Adem\u00e1s de autores de Espa\u00f1a, Panam\u00e1 y gran parte de la obra en espa\u00f1ol de Georges Ferdinandy, uno de los m\u00e1s importantes narradores vivos de la literatura h\u00fangara del siglo XX.<\/p>\n<p>Carlos G\u00f3mez Beras tiene el privilegio de continuar en la direcci\u00f3n de una de las editoriales independientes m\u00e1s larga en la trayectoria literaria del Caribe insular hispano.<\/p>\n<p>\u201cIsla Negra Editores sobresale en Puerto Rico, no solo por la procedencia de sus autores, sino por el hecho de que los libros son dise\u00f1ados y conceptualizados en San Juan e impresos en su mayor\u00eda en Santo Domingo, Rep\u00fablica Dominicana\u201d, resalta Serrata.<\/p>\n<p>Este importante sello editorial cuenta con una red de distribuci\u00f3n no solo en la Isla del Encanto y Santo Domingo, sino que sus publicaciones se pueden encontrar en \u00a0librer\u00edas de los Estados Unidos.<\/p>\n<p>A trav\u00e9s de Isla Negra, Carlos G\u00f3mez Beras ha logrado acuerdos y coediciones con importantes instituciones como la editorial de la Universidad de Puerto Rico, la librer\u00eda La Trinitaria de Rep\u00fablica Dominicana, la Uni\u00f3n de Escritores y Artistas Cubanos (Ediciones Uni\u00f3n) y, el m\u00e1s reciente, el Instituto de Cultura Puertorrique\u00f1a.<\/p>\n<p>Al referirse a este sello, el escritor dominicano Eugenio Garc\u00eda Cuevas destaca: \u201cSin duda alguna, Isla Negra Editores es la editorial emergente e independiente del Estado m\u00e1s consistente de las dos \u00faltimas d\u00e9cadas en Puerto Rico y Rep\u00fablica Dominicana. Si 20 a\u00f1os no son nada, como dec\u00eda Gardel, al menos 25 s\u00ed que son algo\u201d.<\/p>\n<p><strong>(+)<\/strong><br \/>\n<strong>ESCRITORES\u00a0<\/strong><strong>Y PREMIOS<\/strong><\/p>\n<p>Isla Negra Editores ha fungido como agente literario en los primeros contratos internacionales de algunos de sus escritores. Resaltan entre estos, Pedro Antonio Valdez, con la Editorial Alfaguara; Reynolds And\u00fajar, con la Editorial Norma \u00a0y Pedro Cabiya, con la Agencia Literaria Carmen Balcells.<\/p>\n<p>Adem\u00e1s, ha recibido varios reconocimientos, como son: el Gran Premio Nuevas Publicaciones por la Feria Internacional del Libro de Puerto Rico (1999), el reconocimiento a la Promoci\u00f3n del Libro y Autores Dominicanos por la Feria Internacional del Libro de Santo Domingo (2005).<\/p>\n<p>En el a\u00f1o 2014 se convirti\u00f3 en el primer sello caribe\u00f1o en ser invitado dos veces a la prestigiosa Feria del Libro de Frankfurt, Alemania, a la que hab\u00eda asistido en 2011.<\/p>\n<p>En ese mismo a\u00f1o, el Kennedy Museum of Art Ohio University organiz\u00f3 una retrospectiva de 22 a\u00f1os de dise\u00f1o de las portadas de los libros de Isla Negra Editores, y en el 2015 la biblioteca de la referida universidad complet\u00f3 la adquisici\u00f3n de todo el cat\u00e1logo del sello editorial.<\/p>\n<p>Como resultado de esto, logra la venta de los derechos de autor de dos libros de su cat\u00e1logo, ambos por el fenecido acad\u00e9mico y escritor puertorrique\u00f1o Juan Antonio Rodr\u00edguez Pagan.<\/p>\n<\/div>\n<p>F.\u00a0\u00a0<b>Carmen.guzman@listindiario.com<\/b><\/p>\n","protected":false},"excerpt":{"rendered":"<p>Santo Domingo En una tarde soleada de abril de 1979, Eugenio Garc\u00eda Cuevas lleg\u00f3 a Puerto Rico. No imagin\u00f3 que su estad\u00eda en esta isla ser\u00eda el motor para su despertar literario. En La Vega, su ciudad natal, trabaj\u00f3 como aprendiz en la sastrer\u00eda del ahora sacerdote Bienvenido Col\u00f3n. El escritor expresa que \u00a0\u201csin ser [&hellip;]<\/p>\n","protected":false},"author":7,"featured_media":45205,"comment_status":"open","ping_status":"open","sticky":false,"template":"","format":"standard","meta":{"footnotes":""},"categories":[62,40,44],"tags":[],"class_list":["post-45202","post","type-post","status-publish","format-standard","has-post-thumbnail","hentry","category-cultura","category-internacionales","category-republica-dominicana"],"_links":{"self":[{"href":"https:\/\/2horizontes.com\/index.php?rest_route=\/wp\/v2\/posts\/45202","targetHints":{"allow":["GET"]}}],"collection":[{"href":"https:\/\/2horizontes.com\/index.php?rest_route=\/wp\/v2\/posts"}],"about":[{"href":"https:\/\/2horizontes.com\/index.php?rest_route=\/wp\/v2\/types\/post"}],"author":[{"embeddable":true,"href":"https:\/\/2horizontes.com\/index.php?rest_route=\/wp\/v2\/users\/7"}],"replies":[{"embeddable":true,"href":"https:\/\/2horizontes.com\/index.php?rest_route=%2Fwp%2Fv2%2Fcomments&post=45202"}],"version-history":[{"count":1,"href":"https:\/\/2horizontes.com\/index.php?rest_route=\/wp\/v2\/posts\/45202\/revisions"}],"predecessor-version":[{"id":45206,"href":"https:\/\/2horizontes.com\/index.php?rest_route=\/wp\/v2\/posts\/45202\/revisions\/45206"}],"wp:featuredmedia":[{"embeddable":true,"href":"https:\/\/2horizontes.com\/index.php?rest_route=\/wp\/v2\/media\/45205"}],"wp:attachment":[{"href":"https:\/\/2horizontes.com\/index.php?rest_route=%2Fwp%2Fv2%2Fmedia&parent=45202"}],"wp:term":[{"taxonomy":"category","embeddable":true,"href":"https:\/\/2horizontes.com\/index.php?rest_route=%2Fwp%2Fv2%2Fcategories&post=45202"},{"taxonomy":"post_tag","embeddable":true,"href":"https:\/\/2horizontes.com\/index.php?rest_route=%2Fwp%2Fv2%2Ftags&post=45202"}],"curies":[{"name":"wp","href":"https:\/\/api.w.org\/{rel}","templated":true}]}}