{"id":45195,"date":"2016-03-18T17:25:05","date_gmt":"2016-03-18T16:25:05","guid":{"rendered":"http:\/\/2horizontes.com\/?p=45195"},"modified":"2016-03-18T17:34:43","modified_gmt":"2016-03-18T16:34:43","slug":"la-cubana-que-recibio-una-carta-de-obama-siente-que-ha-entrado-en-la-historia","status":"publish","type":"post","link":"https:\/\/2horizontes.com\/?p=45195","title":{"rendered":"La cubana que recibi\u00f3 una carta de Obama siente que ha entrado en la historia"},"content":{"rendered":"<div id=\"ArticleAuthorDiv\" class=\"article-body-author\"><b>EFE | Yeny Garc\u00eda<\/b><\/div>\n<div id=\"ArticleSourceDiv\" class=\"article-body-author\"><b>La Habana<\/b><\/div>\n<div id=\"ArticleBody\">\n<p>La cubana de 76 a\u00f1os que recibi\u00f3 ayer una carta del presidente Barack Obama enviada en el vuelo inaugural del restablecido servicio de correo directo entre EE.UU. y Cuba, dijo a Efe que siente que \u00abha entrado en la historia\u00bb gracias al mandatario, al que espera conocer durante su visita a la isla.<\/p>\n<p>En la casona del habanero barrio del Vedado donde vive rodeada de obras de arte y recuerdos familiares, corresponsales de Efe fueron testigos del momento en que una emocionada Ileana Yarza recibi\u00f3 de manos de un mensajero el sobre amarillo remitido por la Casa Blanca con el membrete \u00abUSA-CUBA Direct\u00bb.<\/p>\n<p>Esta habanera explic\u00f3 que siente un \u00abafecto espont\u00e1neo\u00bb por Obama, que viajar\u00e1 al pa\u00eds caribe\u00f1o el pr\u00f3ximo domingo y se convertir\u00e1 en el primer mandatario estadounidense en activo que pisa Cuba en casi 90 a\u00f1os.<\/p>\n<p>Yarza cont\u00f3 que empez\u00f3 a seguir a Obama desde que lo vio en la campa\u00f1a presidencial para su primer mandato, en casa de unos familiares en New Jersey ,y record\u00f3 que la primera carta que le escribi\u00f3 fue para \u00abdesearle suerte y decirle que es un presidente que los americanos necesitaban para arreglar muchas cosas internas\u00bb.<\/p>\n<p>Las misivas las escribe en ingl\u00e9s, un idioma que la anciana domina a la perfecci\u00f3n por haber \u00abestudiado en colegios privados norteamericanos cuando era ni\u00f1a en La Habana\u00bb.<\/p>\n<p>\u00abEs dif\u00edcil comunicarse con \u00e9l pero ya yo encontr\u00e9 el vericueto\u00bb confes\u00f3 esta economista jubilada, que asegura que aunque ha recibido varias respuestas \u00abde cortes\u00eda\u00bb, nunca se imagin\u00f3 que el propio presidente le dirigir\u00eda una misiva \u00abtan linda y personal\u00bb.<\/p>\n<p>\u00abYo nunca me imagin\u00e9 esto, pens\u00e9 que Obama vendr\u00eda a Cuba, tendr\u00eda sus compromisos como jefe de Gobierno y no tendr\u00eda mucho tiempo de pasar por aqu\u00ed o a lo mejor alguien vendr\u00eda y me traer\u00eda una cartica protocolar, un detalle\u00bb, insisti\u00f3.<\/p>\n<p>Esta jubilada, que trabaj\u00f3 la mayor parte de su vida \u00abayudando a la Revoluci\u00f3n en cuerpo y alma\u00bb, dice sentir que el mandatario norteamericano \u00abuna vez m\u00e1s est\u00e1 reciprocando el afecto espont\u00e1neo\u00bb que le profesa.<\/p>\n<p>Especifica que cuando habla del presidente de EE.UU. se refiere a Obama, porque \u00aba otro presidente no lo invitar\u00eda\u00bb. \u00abNo estoy buscando fama ni sensacionalismo, ni necesito nada, solo quiero conocerlo a \u00e9l\u00bb, agrega.<\/p>\n<p>\u00abLo que menos me imagin\u00e9 fue entrar a la historia\u00bb, afirm\u00f3 Yarza sosteniendo la carta, a la que ya considera \u00abun legado\u00bb para sus hijos y nietos, y ve como \u00abla antesala\u00bb de una posible visita a su casa de los Obama al completo.<\/p>\n<p>\u00abSiento que me va a venir a ver, siento que se va a tomar ese caf\u00e9 que le promet\u00ed y siento que le voy a poder dar ese brazo grand\u00edsimo, a Michelle y a las ni\u00f1as\u00bb, sonri\u00f3 al tiempo que advirti\u00f3 que de darse la visita se sentir\u00eda honrada de convertirse en una suerte de \u00abvocera del pueblo cubano y darle la bienvenida\u00bb.<\/p>\n<p>Yarza se\u00f1al\u00f3 que le reiterar\u00eda el agradecimiento que sinti\u00f3 cuando Obama reconoci\u00f3 que el embargo a la isla, \u00abuna de las p\u00e1ginas m\u00e1s sucias y m\u00e1s feas en la historia de los EE.UU.\u00bb, no funcionaba ya en la nueva etapa de deshielo entre los dos pa\u00edses, que restablecieron v\u00ednculos el pasado julio despu\u00e9s de m\u00e1s de 50 a\u00f1os.<\/p>\n<p>\u00abCuba necesita reestructurarse sobre la base del amor y el perd\u00f3n (&#8230;) eso es lo que yo quiero para mi pueblo. Es el momento de hacer puentes\u00bb, destac\u00f3.<\/p>\n<p>Al preguntarle sobre las actuales elecciones presidenciales estadounidenses asegura que prefiere a Hillary Clinton, una \u00abmujer capaz, con experiencia y muy preparada para ser presidenta\u00bb.<\/p>\n<p>\u00abDesde ya le digo a Hillary que aqu\u00ed tambi\u00e9n tiene su casa\u00bb, concluy\u00f3.<\/p>\n<\/div>\n","protected":false},"excerpt":{"rendered":"<p>EFE | Yeny Garc\u00eda La Habana La cubana de 76 a\u00f1os que recibi\u00f3 ayer una carta del presidente Barack Obama enviada en el vuelo inaugural del restablecido servicio de correo directo entre EE.UU. y Cuba, dijo a Efe que siente que \u00abha entrado en la historia\u00bb gracias al mandatario, al que espera conocer durante su [&hellip;]<\/p>\n","protected":false},"author":7,"featured_media":45198,"comment_status":"open","ping_status":"open","sticky":false,"template":"","format":"standard","meta":{"footnotes":""},"categories":[49,62,40,43],"tags":[],"class_list":["post-45195","post","type-post","status-publish","format-standard","has-post-thumbnail","hentry","category-cuba","category-cultura","category-internacionales","category-politica"],"_links":{"self":[{"href":"https:\/\/2horizontes.com\/index.php?rest_route=\/wp\/v2\/posts\/45195","targetHints":{"allow":["GET"]}}],"collection":[{"href":"https:\/\/2horizontes.com\/index.php?rest_route=\/wp\/v2\/posts"}],"about":[{"href":"https:\/\/2horizontes.com\/index.php?rest_route=\/wp\/v2\/types\/post"}],"author":[{"embeddable":true,"href":"https:\/\/2horizontes.com\/index.php?rest_route=\/wp\/v2\/users\/7"}],"replies":[{"embeddable":true,"href":"https:\/\/2horizontes.com\/index.php?rest_route=%2Fwp%2Fv2%2Fcomments&post=45195"}],"version-history":[{"count":1,"href":"https:\/\/2horizontes.com\/index.php?rest_route=\/wp\/v2\/posts\/45195\/revisions"}],"predecessor-version":[{"id":45200,"href":"https:\/\/2horizontes.com\/index.php?rest_route=\/wp\/v2\/posts\/45195\/revisions\/45200"}],"wp:featuredmedia":[{"embeddable":true,"href":"https:\/\/2horizontes.com\/index.php?rest_route=\/wp\/v2\/media\/45198"}],"wp:attachment":[{"href":"https:\/\/2horizontes.com\/index.php?rest_route=%2Fwp%2Fv2%2Fmedia&parent=45195"}],"wp:term":[{"taxonomy":"category","embeddable":true,"href":"https:\/\/2horizontes.com\/index.php?rest_route=%2Fwp%2Fv2%2Fcategories&post=45195"},{"taxonomy":"post_tag","embeddable":true,"href":"https:\/\/2horizontes.com\/index.php?rest_route=%2Fwp%2Fv2%2Ftags&post=45195"}],"curies":[{"name":"wp","href":"https:\/\/api.w.org\/{rel}","templated":true}]}}