{"id":45167,"date":"2016-03-18T17:08:17","date_gmt":"2016-03-18T16:08:17","guid":{"rendered":"http:\/\/2horizontes.com\/?p=45167"},"modified":"2016-03-18T17:08:17","modified_gmt":"2016-03-18T16:08:17","slug":"juez-suspende-designacion-lula","status":"publish","type":"post","link":"https:\/\/2horizontes.com\/?p=45167","title":{"rendered":"Juez suspende designaci\u00f3n Lula"},"content":{"rendered":"<div id=\"ArticleAuthorDiv\" class=\"article-body-author\"><b>AP<\/b><\/div>\n<div id=\"ArticleSourceDiv\" class=\"article-body-author\"><b>R\u00edo de Janeiro<\/b><\/div>\n<div id=\"ArticleBody\">\n<p>La incertidumbre nubla el ya turbulento escenario pol\u00edtico brasile\u00f1o el jueves cuando un juez emiti\u00f3 una orden de suspensi\u00f3n del nombramiento de Luiz In\u00e1cio Lula da Silva como nuevo jefe de gabinete de su sucesora, la presidenta Dilma Rousseff.<\/p>\n<p>Por otro lado, el abogado Joaquim Pedro Rodrigues, radicado en Brasilia, dijo que si la juramentaci\u00f3n ya tuvo lugar, la suspensi\u00f3n no entrar\u00eda en vigor hasta que haya una decisi\u00f3n final al respecto.<\/p>\n<p>Tambi\u00e9n cree que aunque Lula da Silva no ser\u00e1 capaz de ejercer las funciones de su cargo hasta tanto se resuelva la apelaci\u00f3n a la suspensi\u00f3n, pero que si disfruta de los beneficios legales que conlleva su cargo (que la Corte Suprema sea la instancia que tenga que autorizar la investigaci\u00f3n en su contra).<\/p>\n<p>Los detractores de Rousseff la acusan de haber orquestado una maniobra que tiene el prop\u00f3sito de evitar una posible detenci\u00f3n de Lula da Silva, quien menos de dos semanas atr\u00e1s fue arrestado y conducido para que declarara en una investigaci\u00f3n por corrupci\u00f3n en la petrolera estatal Petrobras.<\/p>\n<p>S\u00f3lo la Corte Suprema brasile\u00f1a puede autorizar que un miembro del gabinete, como lo es ahora Lula da Silva, responda a acusaciones en un proceso penal. Rousseff ha dicho que el nombramiento de Lula da Silva no tiene nada que ver con los problemas legales que afronta el otrora popular ex mandatario y dijo que \u00e9l la ayudar\u00e1 a encarrilar la econom\u00eda del pa\u00eds y ser\u00e1 punta de lanza de la lucha para evitar un juicio pol\u00edtico en su contra por irregularidades en el manejo de fondos fiscales.<\/p>\n<p>El juicio pol\u00edtico, no obstante, dio un paso m\u00e1s el jueves cuando la C\u00e1mara de Representantes brasile\u00f1a dio v\u00eda libre para la creaci\u00f3n de una comisi\u00f3n especial que adelantar\u00e1 el proceso.<\/p>\n<p>La rabia que gener\u00f3 el nombramiento de Lula dio lugar a masivas protestas en Sao Paulo y la capital Brasilia, donde unos tres millones de manifestantes, con mu\u00f1ecos inflables del ex mandatario, vestido como presidiario, bloquearon las calles principales.<\/p>\n<p>Para hoy viernes se program\u00f3 una manifestaci\u00f3n a favor de Lula pero no era definitivo si el ex mandatario asistir\u00eda.<\/p>\n<p>Rousseff pas\u00f3 a la ofensiva en la ceremonia de juramentaci\u00f3n del jueves al tildar a quienes quieren su renuncia de \u201cgolpistas\u201d y acusar al juez Sergio Moro, que dirige la investigaci\u00f3n de corrupci\u00f3n en la petrolera estatal Petrobras, de violar la constituci\u00f3n y actuar en favor de la oposici\u00f3n.<\/p>\n<p>\u201cSacudir la sociedad brasile\u00f1a por medio de mentiras, maniobras furtivas y pr\u00e1cticas muy criticadas viola las garant\u00edas constitucionales y sienta precedentes muy graves\u201d, dijo Rousseff.<\/p>\n<p>\u201cAs\u00ed comienzan los golpes\u201d de estado, agreg\u00f3. La orden proferida por un juez federal en Brasilia, que suspendi\u00f3 el nombramiento de Lula, no tom\u00f3 por sorpresa a los brasile\u00f1os que est\u00e1n acostumbrados al uso de estas t\u00e1cticas para retrasar o interrumpir designaciones o decisiones pol\u00edticas.<\/p>\n<p>En la pr\u00e1ctica, la efectividad de la medida es objeto de debate. Algunos abogados consultados insisten en que Lula ya es el jefe de gabinete y disfruta de los beneficios legales que le concede esa posici\u00f3n, mientras que otros argumentaban que hab\u00eda que esperar a que la medida cautelar sa dejada en firme o revocada por una instancia judicial superior.<\/p>\n<p><strong>(+) LOS BRASILE\u00d1OS SIGUEN EN LAS CALLES<\/strong><br \/>\nCientos de brasile\u00f1os se concentraron ayer en diferentes ciudades de Brasil para exigir la renuncia de la presidenta Dilma Rousseff y expresar su rechazo al nuevo ministro de la Presidencia, el exmandatario Luiz In\u00e1cio Lula da Silva.<\/p>\n<p>Los manifestantes salieron a la calle desde la tarde del mi\u00e9rcoles, cuando se confirm\u00f3 el nombramiento de Lula como ministro, y prolongaron sus protestas ayer jueves, jornada en la que el expresidente fue juramentado en el cargo en un clima de polarizaci\u00f3n pol\u00edtica.<\/p>\n<p>Brasilia amaneci\u00f3 con protestas a favor y en contra del Gobierno de la presidenta Rousseff, pero las concentraciones de personas que se oponen al Ejecutivo crecieron a medida que fue avanzando el d\u00eda, marcado por un sinf\u00edn de noticias pol\u00edticas que aumentaron la incertidumbre del pa\u00eds. Entrada la noche, centenares de personas se movilizaron y acudieron a los jardines frente a la sede del Congreso, en Brasilia, donde llegaron a escenificar el entierro del Partido de los Trabajadores (PT), formaci\u00f3n a la que pertenecen Rousseff y su ministro Lula.<\/p>\n<\/div>\n","protected":false},"excerpt":{"rendered":"<p>AP R\u00edo de Janeiro La incertidumbre nubla el ya turbulento escenario pol\u00edtico brasile\u00f1o el jueves cuando un juez emiti\u00f3 una orden de suspensi\u00f3n del nombramiento de Luiz In\u00e1cio Lula da Silva como nuevo jefe de gabinete de su sucesora, la presidenta Dilma Rousseff. Por otro lado, el abogado Joaquim Pedro Rodrigues, radicado en Brasilia, dijo [&hellip;]<\/p>\n","protected":false},"author":7,"featured_media":45175,"comment_status":"open","ping_status":"open","sticky":false,"template":"","format":"standard","meta":{"footnotes":""},"categories":[40,43],"tags":[],"class_list":["post-45167","post","type-post","status-publish","format-standard","has-post-thumbnail","hentry","category-internacionales","category-politica"],"_links":{"self":[{"href":"https:\/\/2horizontes.com\/index.php?rest_route=\/wp\/v2\/posts\/45167","targetHints":{"allow":["GET"]}}],"collection":[{"href":"https:\/\/2horizontes.com\/index.php?rest_route=\/wp\/v2\/posts"}],"about":[{"href":"https:\/\/2horizontes.com\/index.php?rest_route=\/wp\/v2\/types\/post"}],"author":[{"embeddable":true,"href":"https:\/\/2horizontes.com\/index.php?rest_route=\/wp\/v2\/users\/7"}],"replies":[{"embeddable":true,"href":"https:\/\/2horizontes.com\/index.php?rest_route=%2Fwp%2Fv2%2Fcomments&post=45167"}],"version-history":[{"count":1,"href":"https:\/\/2horizontes.com\/index.php?rest_route=\/wp\/v2\/posts\/45167\/revisions"}],"predecessor-version":[{"id":45176,"href":"https:\/\/2horizontes.com\/index.php?rest_route=\/wp\/v2\/posts\/45167\/revisions\/45176"}],"wp:featuredmedia":[{"embeddable":true,"href":"https:\/\/2horizontes.com\/index.php?rest_route=\/wp\/v2\/media\/45175"}],"wp:attachment":[{"href":"https:\/\/2horizontes.com\/index.php?rest_route=%2Fwp%2Fv2%2Fmedia&parent=45167"}],"wp:term":[{"taxonomy":"category","embeddable":true,"href":"https:\/\/2horizontes.com\/index.php?rest_route=%2Fwp%2Fv2%2Fcategories&post=45167"},{"taxonomy":"post_tag","embeddable":true,"href":"https:\/\/2horizontes.com\/index.php?rest_route=%2Fwp%2Fv2%2Ftags&post=45167"}],"curies":[{"name":"wp","href":"https:\/\/api.w.org\/{rel}","templated":true}]}}