{"id":45110,"date":"2016-03-17T18:00:46","date_gmt":"2016-03-17T17:00:46","guid":{"rendered":"http:\/\/2horizontes.com\/?p=45110"},"modified":"2016-03-17T18:00:46","modified_gmt":"2016-03-17T17:00:46","slug":"una-taberna-de-madrid-criticada-por-parecer-un-bar-de-ambiente","status":"publish","type":"post","link":"https:\/\/2horizontes.com\/?p=45110","title":{"rendered":"Una taberna de Madrid criticada por \u00abparecer un bar de ambiente"},"content":{"rendered":"<p>La pol\u00e9mica se ha servido con la cr\u00edtica de una clienta a la taberna \u00abLa Berenjena\u00bb, un conocido local de Madrid que est\u00e1 regentado por la concursante de Top Chef Rebeca Hern\u00e1ndez.<\/p>\n<p>Seg\u00fan hemos podido ver en la cuenta de Twitter de la cocinera, una clienta ha expuesto su opini\u00f3n sobre el establecimiento pero solo teniendo en cuenta el tipo de clientela a modo discriminatorio.<\/p>\n<p>La clienta, original de M\u00e9xico, hab\u00eda acudido a \u00abLa Berenjena\u00bb por las buenas calificaciones que ten\u00eda en el portal de Tripadvisor pero al llegar all\u00ed encontr\u00f3 un ambiente que no le gust\u00f3 y es que asegura que todas las mesas estaban repletas de parejas de mujeres y ello indicaba que est\u00e1bamos ante un local de ambiente gay.<\/p>\n<p>Con un \u00abno volver\u00eda\u00bb y que se hab\u00eda \u00absentido inc\u00f3moda\u00bb, la usuaria en cuesti\u00f3n terminaba su cr\u00edtica.<\/p>\n<p>Ante esta desagradable situaci\u00f3n, la respuesta de Rebeca no se hizo esperar y, despu\u00e9s de agradecerle su paso por el local y que hubiese opinado sobre \u00e9l, aleg\u00f3 que no hab\u00eda tenido en cuenta la comida o el servicio que hab\u00eda recibido solo el tipo de personas que hab\u00eda en el espacio.<\/p>\n<p>La Berenjena\u00bb es un establecimiento que tiene unas cr\u00edticas extraordinarias en Tripadvisor y ello provoca que personas de todo el mundo se acerquen a visitarlo.<\/p>\n<p>L\u00e1stima que esta clienta de la que hemos hablado no haya tenido en cuenta m\u00e1s que el ambiente que all\u00ed encontr\u00f3 y no lo que comi\u00f3.<\/p>\n","protected":false},"excerpt":{"rendered":"<p>La pol\u00e9mica se ha servido con la cr\u00edtica de una clienta a la taberna \u00abLa Berenjena\u00bb, un conocido local de Madrid que est\u00e1 regentado por la concursante de Top Chef Rebeca Hern\u00e1ndez. Seg\u00fan hemos podido ver en la cuenta de Twitter de la cocinera, una clienta ha expuesto su opini\u00f3n sobre el establecimiento pero solo [&hellip;]<\/p>\n","protected":false},"author":3,"featured_media":45111,"comment_status":"open","ping_status":"open","sticky":false,"template":"","format":"standard","meta":{"footnotes":""},"categories":[85,57],"tags":[],"class_list":["post-45110","post","type-post","status-publish","format-standard","has-post-thumbnail","hentry","category-espana","category-mundo-gay"],"_links":{"self":[{"href":"https:\/\/2horizontes.com\/index.php?rest_route=\/wp\/v2\/posts\/45110","targetHints":{"allow":["GET"]}}],"collection":[{"href":"https:\/\/2horizontes.com\/index.php?rest_route=\/wp\/v2\/posts"}],"about":[{"href":"https:\/\/2horizontes.com\/index.php?rest_route=\/wp\/v2\/types\/post"}],"author":[{"embeddable":true,"href":"https:\/\/2horizontes.com\/index.php?rest_route=\/wp\/v2\/users\/3"}],"replies":[{"embeddable":true,"href":"https:\/\/2horizontes.com\/index.php?rest_route=%2Fwp%2Fv2%2Fcomments&post=45110"}],"version-history":[{"count":1,"href":"https:\/\/2horizontes.com\/index.php?rest_route=\/wp\/v2\/posts\/45110\/revisions"}],"predecessor-version":[{"id":45112,"href":"https:\/\/2horizontes.com\/index.php?rest_route=\/wp\/v2\/posts\/45110\/revisions\/45112"}],"wp:featuredmedia":[{"embeddable":true,"href":"https:\/\/2horizontes.com\/index.php?rest_route=\/wp\/v2\/media\/45111"}],"wp:attachment":[{"href":"https:\/\/2horizontes.com\/index.php?rest_route=%2Fwp%2Fv2%2Fmedia&parent=45110"}],"wp:term":[{"taxonomy":"category","embeddable":true,"href":"https:\/\/2horizontes.com\/index.php?rest_route=%2Fwp%2Fv2%2Fcategories&post=45110"},{"taxonomy":"post_tag","embeddable":true,"href":"https:\/\/2horizontes.com\/index.php?rest_route=%2Fwp%2Fv2%2Ftags&post=45110"}],"curies":[{"name":"wp","href":"https:\/\/api.w.org\/{rel}","templated":true}]}}