{"id":45104,"date":"2016-03-17T17:52:33","date_gmt":"2016-03-17T16:52:33","guid":{"rendered":"http:\/\/2horizontes.com\/?p=45104"},"modified":"2016-03-17T17:52:33","modified_gmt":"2016-03-17T16:52:33","slug":"atropello-mortal-en-el-cruce-de-gran-via-con-comte-borrell","status":"publish","type":"post","link":"https:\/\/2horizontes.com\/?p=45104","title":{"rendered":"Atropello mortal en el cruce de Gran V\u00eda con Comte Borrell"},"content":{"rendered":"<p>Una mujer de 88 a\u00f1os ha muerto sobre las 11 horas de esta ma\u00f1ana al ser atropellada por una motocicleta a la altura de Gran Via de les Corts Catalanes con la calle Comte Borrell, en el distrito del Eixample de Barcelona.<\/p>\n<p>El motorista, un hombre de 24 a\u00f1os, ha sido trasladado al hospital en estado menos grave a causa del accidente. Hasta el lugar de los hechos se desplazaron varios efectivos de la Guardia Urbana de Barcelona y unidades del Sistema de Emergencias M\u00e9dicas (SEM).<\/p>\n<p>Veh\u00edculos de la Guardia Urbana en el lugar del accidente, el cruce entre Gran V\u00eda y Borrell (Xavi G\u00f3mez &#8211; LV)<br \/>\nLa Unidad de Investigaci\u00f3n y Prevenci\u00f3n de la Accidentalidad de la Guardia Urbana investiga las causas del atropello de cara a realizar el atestado correspondiente.<\/p>\n<p>El Ayuntamiento tambi\u00e9n han activado el protocolo de apoyo psicol\u00f3gico del Centro de Urgencias y Emergencias Sociales para atender a los familiares de la v\u00edctima.<\/p>\n","protected":false},"excerpt":{"rendered":"<p>Una mujer de 88 a\u00f1os ha muerto sobre las 11 horas de esta ma\u00f1ana al ser atropellada por una motocicleta a la altura de Gran Via de les Corts Catalanes con la calle Comte Borrell, en el distrito del Eixample de Barcelona. El motorista, un hombre de 24 a\u00f1os, ha sido trasladado al hospital en [&hellip;]<\/p>\n","protected":false},"author":3,"featured_media":45105,"comment_status":"open","ping_status":"open","sticky":false,"template":"","format":"standard","meta":{"footnotes":""},"categories":[85],"tags":[],"class_list":["post-45104","post","type-post","status-publish","format-standard","has-post-thumbnail","hentry","category-espana"],"_links":{"self":[{"href":"https:\/\/2horizontes.com\/index.php?rest_route=\/wp\/v2\/posts\/45104","targetHints":{"allow":["GET"]}}],"collection":[{"href":"https:\/\/2horizontes.com\/index.php?rest_route=\/wp\/v2\/posts"}],"about":[{"href":"https:\/\/2horizontes.com\/index.php?rest_route=\/wp\/v2\/types\/post"}],"author":[{"embeddable":true,"href":"https:\/\/2horizontes.com\/index.php?rest_route=\/wp\/v2\/users\/3"}],"replies":[{"embeddable":true,"href":"https:\/\/2horizontes.com\/index.php?rest_route=%2Fwp%2Fv2%2Fcomments&post=45104"}],"version-history":[{"count":1,"href":"https:\/\/2horizontes.com\/index.php?rest_route=\/wp\/v2\/posts\/45104\/revisions"}],"predecessor-version":[{"id":45106,"href":"https:\/\/2horizontes.com\/index.php?rest_route=\/wp\/v2\/posts\/45104\/revisions\/45106"}],"wp:featuredmedia":[{"embeddable":true,"href":"https:\/\/2horizontes.com\/index.php?rest_route=\/wp\/v2\/media\/45105"}],"wp:attachment":[{"href":"https:\/\/2horizontes.com\/index.php?rest_route=%2Fwp%2Fv2%2Fmedia&parent=45104"}],"wp:term":[{"taxonomy":"category","embeddable":true,"href":"https:\/\/2horizontes.com\/index.php?rest_route=%2Fwp%2Fv2%2Fcategories&post=45104"},{"taxonomy":"post_tag","embeddable":true,"href":"https:\/\/2horizontes.com\/index.php?rest_route=%2Fwp%2Fv2%2Ftags&post=45104"}],"curies":[{"name":"wp","href":"https:\/\/api.w.org\/{rel}","templated":true}]}}