{"id":45070,"date":"2016-03-17T13:28:47","date_gmt":"2016-03-17T12:28:47","guid":{"rendered":"http:\/\/2horizontes.com\/?p=45070"},"modified":"2016-03-17T13:28:47","modified_gmt":"2016-03-17T12:28:47","slug":"cinco-muertos-en-una-carcel-venezolana-por-situacion-irregular","status":"publish","type":"post","link":"https:\/\/2horizontes.com\/?p=45070","title":{"rendered":"Cinco muertos en una c\u00e1rcel venezolana por \u00absituaci\u00f3n irregular\u00bb"},"content":{"rendered":"<div id=\"ArticleAuthorDiv\" class=\"article-body-author\"><b>EFE<\/b><\/div>\n<div id=\"ArticleSourceDiv\" class=\"article-body-author\"><b>Caracas<\/b><\/div>\n<div id=\"ArticleBody\">\n<p>Al menos cinco personas murieron y casi 60 resultaron heridas en un centro penitenciario ubicado en el occidente de Venezuela debido a una \u00absituaci\u00f3n irregular\u00bb que culmin\u00f3 de forma violenta, inform\u00f3 hoy el Ministerio P\u00fablico (MP).<\/p>\n<p>En un comunicado difundido el MP indic\u00f3 que design\u00f3 a dos fiscales para que dirijan la investigaci\u00f3n \u00abpor la muerte de cinco hombres y 57 personas lesionadas, hecho ocurrido durante una situaci\u00f3n irregular registrada este martes 15 de marzo en el Centro Penitenciario F\u00e9nix\u00bb en el sector Uribana, estado Lara (oeste).<\/p>\n<p>De acuerdo con la informaci\u00f3n de la Fiscal\u00eda \u00aben horas de la ma\u00f1ana de este martes, los internos habr\u00edan intentado tomar como reh\u00e9n al director del centro penitenciario cuando realizaba un recorrido por un \u00e1rea del recinto\u00bb.<\/p>\n<p>Esta acci\u00f3n devino en una \u00absituaci\u00f3n de violencia\u00bb que dej\u00f3 cuatro presos y un custodio de la c\u00e1rcel muertos, as\u00ed como 52 internos heridos y cinco empleados del penal lesionados, incluyendo el director del penal, cuyo nombre no fue revelado.<\/p>\n<p>Los heridos fueron trasladados al Hospital Central Universitario Dr. Antonio Mar\u00eda Pineda, seg\u00fan el reporte del MP.<\/p>\n<p>De acuerdo con la informaci\u00f3n difundida por el diario venezolano \u00daltimas Noticias la violencia habr\u00eda sido desatada por dos condenados por el asesinato de la actriz y reina de belleza M\u00f3nica Spear y su pareja, que murieron en enero de 2014 al ser atacados a tiros durante un robo en el centro del pa\u00eds.<\/p>\n<\/div>\n","protected":false},"excerpt":{"rendered":"<p>EFE Caracas Al menos cinco personas murieron y casi 60 resultaron heridas en un centro penitenciario ubicado en el occidente de Venezuela debido a una \u00absituaci\u00f3n irregular\u00bb que culmin\u00f3 de forma violenta, inform\u00f3 hoy el Ministerio P\u00fablico (MP). En un comunicado difundido el MP indic\u00f3 que design\u00f3 a dos fiscales para que dirijan la investigaci\u00f3n [&hellip;]<\/p>\n","protected":false},"author":7,"featured_media":45071,"comment_status":"open","ping_status":"open","sticky":false,"template":"","format":"standard","meta":{"footnotes":""},"categories":[40,48],"tags":[],"class_list":["post-45070","post","type-post","status-publish","format-standard","has-post-thumbnail","hentry","category-internacionales","category-venezuela"],"_links":{"self":[{"href":"https:\/\/2horizontes.com\/index.php?rest_route=\/wp\/v2\/posts\/45070","targetHints":{"allow":["GET"]}}],"collection":[{"href":"https:\/\/2horizontes.com\/index.php?rest_route=\/wp\/v2\/posts"}],"about":[{"href":"https:\/\/2horizontes.com\/index.php?rest_route=\/wp\/v2\/types\/post"}],"author":[{"embeddable":true,"href":"https:\/\/2horizontes.com\/index.php?rest_route=\/wp\/v2\/users\/7"}],"replies":[{"embeddable":true,"href":"https:\/\/2horizontes.com\/index.php?rest_route=%2Fwp%2Fv2%2Fcomments&post=45070"}],"version-history":[{"count":1,"href":"https:\/\/2horizontes.com\/index.php?rest_route=\/wp\/v2\/posts\/45070\/revisions"}],"predecessor-version":[{"id":45072,"href":"https:\/\/2horizontes.com\/index.php?rest_route=\/wp\/v2\/posts\/45070\/revisions\/45072"}],"wp:featuredmedia":[{"embeddable":true,"href":"https:\/\/2horizontes.com\/index.php?rest_route=\/wp\/v2\/media\/45071"}],"wp:attachment":[{"href":"https:\/\/2horizontes.com\/index.php?rest_route=%2Fwp%2Fv2%2Fmedia&parent=45070"}],"wp:term":[{"taxonomy":"category","embeddable":true,"href":"https:\/\/2horizontes.com\/index.php?rest_route=%2Fwp%2Fv2%2Fcategories&post=45070"},{"taxonomy":"post_tag","embeddable":true,"href":"https:\/\/2horizontes.com\/index.php?rest_route=%2Fwp%2Fv2%2Ftags&post=45070"}],"curies":[{"name":"wp","href":"https:\/\/api.w.org\/{rel}","templated":true}]}}