{"id":45067,"date":"2016-03-17T13:22:11","date_gmt":"2016-03-17T12:22:11","guid":{"rendered":"http:\/\/2horizontes.com\/?p=45067"},"modified":"2016-03-17T13:22:11","modified_gmt":"2016-03-17T12:22:11","slug":"vicepresidente-boliviano-dice-que-enganaron-a-evo-morales-sobre-su-hijo","status":"publish","type":"post","link":"https:\/\/2horizontes.com\/?p=45067","title":{"rendered":"Vicepresidente boliviano dice que \u00abenga\u00f1aron\u00bb a Evo Morales sobre su hijo"},"content":{"rendered":"<div id=\"ArticleAuthorDiv\" class=\"article-body-author\"><b>EFE<\/b><\/div>\n<div id=\"ArticleSourceDiv\" class=\"article-body-author\"><b>La Paz<\/b><\/div>\n<div id=\"ArticleBody\">\n<p>El vicepresidente boliviano, \u00c1lvaro Garc\u00eda Linera, afirm\u00f3 que \u00abenga\u00f1aron\u00bb al mandatario Evo Morales sobre el nacimiento de su hijo, despu\u00e9s de que la Fiscal\u00eda General revelara que la expareja del mandatario Gabriela Zapata present\u00f3 un certificado de nacimiento falso.<\/p>\n<p>\u00abEl certificado de nacimiento que le presentaron a Evo hab\u00eda sido falso, nunca hab\u00eda nacido el hijo. Enga\u00f1aron al presidente Evo\u00bb, sostuvo Garc\u00eda Linera en un discurso ante seguidores de Morales, que previamente hicieron una marcha en su apoyo en La Paz.<\/p>\n<p>Tambi\u00e9n sostuvo que la \u00abderecha vendepatria, aquella que acusaba a Evo de que hab\u00eda escondido al hijo\u00bb, tambi\u00e9n \u00abha enga\u00f1ado a Bolivia\u00bb porque, seg\u00fan Garc\u00eda Linera, los familiares de Zapata que est\u00e1n vinculados a la oposici\u00f3n sab\u00edan la verdad.<\/p>\n<p>\u00abMinti\u00f3 Zapata a Evo, minti\u00f3 la derecha utilizando a una mentirosa para mentir al pueblo boliviano (&#8230;) Ha habido aqu\u00ed una mentira colectiva de la derecha para atacar a Evo Morales\u00bb, agreg\u00f3.<\/p>\n<p>Poco antes, el fiscal general, Ramiro Guerrero, indic\u00f3 que el certificado de nacimiento del ni\u00f1o emitido en 2007 es falso y agreg\u00f3 que el Hospital de la Mujer de La Paz, donde supuestamente naci\u00f3 el menor, no registr\u00f3 nunca la internaci\u00f3n de la expareja de Morales.<\/p>\n<p>Zapata, que est\u00e1 recluida en una c\u00e1rcel de La Paz desde fines de febrero acusada de varios supuestos delitos econ\u00f3micos, tambi\u00e9n usaba un t\u00edtulo de abogada falsificado, agreg\u00f3 el fiscal.<\/p>\n<p>A fines de febrero, Zapata y sus abogados presentaron ante una jueza el certificado del nacimiento del hijo de Morales como una prueba de su existencia ante la insistencia del mandatario de que el menor hab\u00eda fallecido por enfermedad poco despu\u00e9s de nacer.<\/p>\n<p>La relaci\u00f3n de Morales y Zapata fue revelada en febrero por un periodista en medio de una campa\u00f1a para el referendo que se vot\u00f3 ese mes sobre el intento del mandatario de volver a ser candidato en 2019, opci\u00f3n que fue rechazada mayoritariamente.<\/p>\n<p>En su momento, Morales admiti\u00f3 haber conocido a Zapata en 2005 y que tuvieron una relaci\u00f3n que en 2007 tuvo como fruto un beb\u00e9 que, seg\u00fan asegur\u00f3, muri\u00f3 poco despu\u00e9s de nacer.<\/p>\n<p>Tambi\u00e9n afirm\u00f3 que ayud\u00f3 a Zapata para el tratamiento m\u00e9dico del menor y que la mujer le inform\u00f3 de su muerte, sin que \u00e9l comprobara esa versi\u00f3n, ni acudiera al velatorio o el entierro.<\/p>\n<p>El gobernante despu\u00e9s afirm\u00f3 que si realmente exist\u00eda su hijo quer\u00eda quedarse con \u00e9l, por lo que present\u00f3 una demanda ante un juzgado de La Paz para que Zapata presente al ni\u00f1o.<\/p>\n<p>La empresaria est\u00e1 acusada de legitimaci\u00f3n de ganancias il\u00edcitas, enriquecimiento de particulares con afectaci\u00f3n al Estado y uso indebido de influencias en grado de complicidad.<\/p>\n<p>El fiscal dijo que ahora tambi\u00e9n la acusar\u00e1n de falsedad material, uso de instrumento falsificado, falsedad ideol\u00f3gica y ejercicio ilegal de la profesi\u00f3n.<\/p>\n<p>Hasta hace unas semanas, Zapata era ejecutiva en Bolivia de la empresa china Camce, que en los \u00faltimos a\u00f1os suscribi\u00f3 al menos siete contratos con el Estado para construir por invitaci\u00f3n directa, tras descartarse licitaciones, obras por 566 millones de d\u00f3lares.<\/p>\n<\/div>\n","protected":false},"excerpt":{"rendered":"<p>EFE La Paz El vicepresidente boliviano, \u00c1lvaro Garc\u00eda Linera, afirm\u00f3 que \u00abenga\u00f1aron\u00bb al mandatario Evo Morales sobre el nacimiento de su hijo, despu\u00e9s de que la Fiscal\u00eda General revelara que la expareja del mandatario Gabriela Zapata present\u00f3 un certificado de nacimiento falso. \u00abEl certificado de nacimiento que le presentaron a Evo hab\u00eda sido falso, nunca [&hellip;]<\/p>\n","protected":false},"author":7,"featured_media":45068,"comment_status":"open","ping_status":"open","sticky":false,"template":"","format":"standard","meta":{"footnotes":""},"categories":[40,43],"tags":[],"class_list":["post-45067","post","type-post","status-publish","format-standard","has-post-thumbnail","hentry","category-internacionales","category-politica"],"_links":{"self":[{"href":"https:\/\/2horizontes.com\/index.php?rest_route=\/wp\/v2\/posts\/45067","targetHints":{"allow":["GET"]}}],"collection":[{"href":"https:\/\/2horizontes.com\/index.php?rest_route=\/wp\/v2\/posts"}],"about":[{"href":"https:\/\/2horizontes.com\/index.php?rest_route=\/wp\/v2\/types\/post"}],"author":[{"embeddable":true,"href":"https:\/\/2horizontes.com\/index.php?rest_route=\/wp\/v2\/users\/7"}],"replies":[{"embeddable":true,"href":"https:\/\/2horizontes.com\/index.php?rest_route=%2Fwp%2Fv2%2Fcomments&post=45067"}],"version-history":[{"count":1,"href":"https:\/\/2horizontes.com\/index.php?rest_route=\/wp\/v2\/posts\/45067\/revisions"}],"predecessor-version":[{"id":45069,"href":"https:\/\/2horizontes.com\/index.php?rest_route=\/wp\/v2\/posts\/45067\/revisions\/45069"}],"wp:featuredmedia":[{"embeddable":true,"href":"https:\/\/2horizontes.com\/index.php?rest_route=\/wp\/v2\/media\/45068"}],"wp:attachment":[{"href":"https:\/\/2horizontes.com\/index.php?rest_route=%2Fwp%2Fv2%2Fmedia&parent=45067"}],"wp:term":[{"taxonomy":"category","embeddable":true,"href":"https:\/\/2horizontes.com\/index.php?rest_route=%2Fwp%2Fv2%2Fcategories&post=45067"},{"taxonomy":"post_tag","embeddable":true,"href":"https:\/\/2horizontes.com\/index.php?rest_route=%2Fwp%2Fv2%2Ftags&post=45067"}],"curies":[{"name":"wp","href":"https:\/\/api.w.org\/{rel}","templated":true}]}}