{"id":45052,"date":"2016-03-16T18:02:37","date_gmt":"2016-03-16T17:02:37","guid":{"rendered":"http:\/\/2horizontes.com\/?p=45052"},"modified":"2016-03-16T18:02:37","modified_gmt":"2016-03-16T17:02:37","slug":"por-que-comprar-lentes-de-sol-baratos-te-puede-salir-muy-caro","status":"publish","type":"post","link":"https:\/\/2horizontes.com\/?p=45052","title":{"rendered":"Por qu\u00e9 comprar lentes de sol baratos te puede salir muy caro"},"content":{"rendered":"<p><em>En vez de proteger tus ojos, los lentes de sol sin protecci\u00f3n UV exponen mucho m\u00e1s a tus ojos a la radiaci\u00f3n.<\/em><\/p>\n<p>Son baratos y atractivos, pero desde el punto de vista de la salud, estos lentes de sol pueden acabar costando muy caro. Algunos lentes de sol que se compran en mercados callejeros e incluso en algunas tiendas no solo no protegen la vista, sino que pueden aumentar el da\u00f1o, advirti\u00f3 recientemente el Consejo Argentino de Oftalmolog\u00eda.<\/p>\n<p>Los lentes de sol crean un efecto de c\u00e1mara oscura que dilata la pupila y, al carecer de filtros para rayos ultravioletas, terminan haciendo que la vista sea m\u00e1s afectada por la radiaci\u00f3n UV.<\/p>\n<p>Para entender este efecto, se puede \u201cdar forma de tazas a ambas manos y colocarlas sobre los ojos\u201d, explic\u00f3 a BBC Mundo el oftalm\u00f3logo Ernesto Ferrer, expresidente y asesor del Comit\u00e9 Ejecutivo del Consejo Argentino de Oftalmolog\u00eda.<\/p>\n<p>\u201cAl abrir los ojos estar\u00e1 un espacio oscuro similar al que producen los lentes de sol no controlados. Esto produce dilataci\u00f3n de ambas pupilas, lo que produce mayor penetraci\u00f3n de luz ultravioleta al interior del ojo\u201d.<\/p>\n<p><strong>Hasta tumores<\/strong><\/p>\n<p>\u201cLos rayos ultravioletas afectan la piel y l\u00f3gicamente los ojos, produciendo desde una irritaci\u00f3n pasajera a tumores malignos\u201d, se\u00f1al\u00f3 Ferrer. \u201cEn el ojo esta radiaci\u00f3n afecta la conjuntiva, produciendo irritaci\u00f3n y tumores; la c\u00f3rnea, el cristalino y hasta la retina\u201d.<\/p>\n<p>Ferrer aclar\u00f3 que los ni\u00f1os tambi\u00e9n deben usar lentes de sol adecuados cuando est\u00e1n en la playa, en el campo o andan por lugares expuestos a la radiaci\u00f3n ultravioleta.<\/p>\n<p>\u201cLa irradiaci\u00f3n requiere protecci\u00f3n a toda edad y l\u00f3gicamente a los m\u00e1s sensibles, los ni\u00f1os y las personas mayores\u201d, afirm\u00f3 el experto.<\/p>\n<p>Adem\u00e1s, tambi\u00e9n debe tenerse en cuenta la coloraci\u00f3n del lente, ya que no son lo mismo las gafas de sol para la nieve que las que se usan para la arena porque la radiaci\u00f3n es diferente.<\/p>\n<p><strong>Entender los nan\u00f3metros<\/strong><\/p>\n<p>El oftalm\u00f3logo advirti\u00f3 que \u201clos lentes de sol, aunque no tengan aumento, deben ser adquiridos en una \u00f3ptica porque est\u00e1n hechos especialmente con los filtros de rayos UV adecuados\u201d.<\/p>\n<p>Ferrer recomienda tener la menor exposici\u00f3n solar posible, estar atentos a la informaci\u00f3n de los porcentajes de UV que se emite por los medios de comunicaci\u00f3n, usar protectores solares del nivel indicado en cada zona y usar lentes de sol obtenidos en negocios de venta de productos de \u00f3ptica.<\/p>\n<p>Algo fundamental, para el experto, es solicitar en estos comercios las garant\u00edas necesarias y exigir lentes de sol de calidad sin aberraciones.<\/p>\n<p>La radiaci\u00f3n es medida por su longitud de onda en nan\u00f3metros. Un nan\u00f3metro (nm) es la millon\u00e9sima parte de un mil\u00edmetro.<\/p>\n<p>La luz visible va aproximadamente de los 400 a los 700 nm y la ultravioleta de los 100 a los 400. Para que los lentes de sol protejan contra los tipos m\u00e1s da\u00f1inos de radiaci\u00f3n ultravioleta, \u201clos lentes deben tener constancias de protecci\u00f3n UVB, UVC, entre 290-320 nm\u201d, explic\u00f3 Ferrer.<\/p>\n<p>\u201cLa gente desconoce la peligrosidad de los lentes que se venden en la v\u00eda p\u00fablica\u201d, advirti\u00f3 el oftalm\u00f3logo. \u201cCreen que hacen un negocio pero est\u00e1n comprometiendo seriamente su vista\u201d.<\/p>\n<p>Fuente: GDA \/ Vi\u00f9! \/ El Comercio \/ Per\u00fa \/ BBC Mundo<\/p>\n","protected":false},"excerpt":{"rendered":"<p>En vez de proteger tus ojos, los lentes de sol sin protecci\u00f3n UV exponen mucho m\u00e1s a tus ojos a la radiaci\u00f3n. Son baratos y atractivos, pero desde el punto de vista de la salud, estos lentes de sol pueden acabar costando muy caro. Algunos lentes de sol que se compran en mercados callejeros e [&hellip;]<\/p>\n","protected":false},"author":13240,"featured_media":45053,"comment_status":"open","ping_status":"open","sticky":false,"template":"","format":"standard","meta":{"footnotes":""},"categories":[83,45],"tags":[],"class_list":["post-45052","post","type-post","status-publish","format-standard","has-post-thumbnail","hentry","category-reportajes","category-salud"],"_links":{"self":[{"href":"https:\/\/2horizontes.com\/index.php?rest_route=\/wp\/v2\/posts\/45052","targetHints":{"allow":["GET"]}}],"collection":[{"href":"https:\/\/2horizontes.com\/index.php?rest_route=\/wp\/v2\/posts"}],"about":[{"href":"https:\/\/2horizontes.com\/index.php?rest_route=\/wp\/v2\/types\/post"}],"author":[{"embeddable":true,"href":"https:\/\/2horizontes.com\/index.php?rest_route=\/wp\/v2\/users\/13240"}],"replies":[{"embeddable":true,"href":"https:\/\/2horizontes.com\/index.php?rest_route=%2Fwp%2Fv2%2Fcomments&post=45052"}],"version-history":[{"count":1,"href":"https:\/\/2horizontes.com\/index.php?rest_route=\/wp\/v2\/posts\/45052\/revisions"}],"predecessor-version":[{"id":45054,"href":"https:\/\/2horizontes.com\/index.php?rest_route=\/wp\/v2\/posts\/45052\/revisions\/45054"}],"wp:featuredmedia":[{"embeddable":true,"href":"https:\/\/2horizontes.com\/index.php?rest_route=\/wp\/v2\/media\/45053"}],"wp:attachment":[{"href":"https:\/\/2horizontes.com\/index.php?rest_route=%2Fwp%2Fv2%2Fmedia&parent=45052"}],"wp:term":[{"taxonomy":"category","embeddable":true,"href":"https:\/\/2horizontes.com\/index.php?rest_route=%2Fwp%2Fv2%2Fcategories&post=45052"},{"taxonomy":"post_tag","embeddable":true,"href":"https:\/\/2horizontes.com\/index.php?rest_route=%2Fwp%2Fv2%2Ftags&post=45052"}],"curies":[{"name":"wp","href":"https:\/\/api.w.org\/{rel}","templated":true}]}}