{"id":45047,"date":"2016-03-16T17:32:52","date_gmt":"2016-03-16T16:32:52","guid":{"rendered":"http:\/\/2horizontes.com\/?p=45047"},"modified":"2016-03-16T17:32:52","modified_gmt":"2016-03-16T16:32:52","slug":"brasil-4-preguntas-para-entender-el-polemico-nombramiento-de-lula-como-ministro","status":"publish","type":"post","link":"https:\/\/2horizontes.com\/?p=45047","title":{"rendered":"Brasil: 4 preguntas para entender el pol\u00e9mico nombramiento de Lula como ministro"},"content":{"rendered":"<p class=\"story-body__introduction\">Poco despu\u00e9s de que cientos de miles de personas salieran a las calles a protestar contra el gobierno y salpicado por un esc\u00e1ndalo de corrupci\u00f3n de la gigantesca petrolera estatal Petrobras, el expresidente Luiz In\u00e1cio \u00abLula\u00bb da Silva acept\u00f3 este mi\u00e9rcoles ser el n\u00famero dos del gobierno de Dilma Rousseff.<\/p>\n<p>Lula, presidente entre 2003 y 2011, acept\u00f3 la propuesta de Rousseff de ser <strong>ministro de la Casa Civil, lo que en otros pa\u00edses se conoce como jefe de gabinete o ministro de la Presidencia<\/strong>.<\/p>\n<p>El exmandatario sale as\u00ed de su retiro pol\u00edtico para asumir el que muchos consideran el segundo cargo pol\u00edtico m\u00e1s importante del pa\u00eds, en una maniobra que muchos sin embargo ven con sospecha, pues el propio expresidente est\u00e1 siendo investigado por corrupci\u00f3n.<\/p>\n<p>\u00bfPero podr\u00eda esto permitir que Rousseff despu\u00e9s de todo salga de la peor crisis pol\u00edtica que afecta al pa\u00eds desde hace d\u00e9cadas? \u00bfO representa el comienzo del fin definitivo de su gobierno?<\/p>\n<p>Te explicamos aqu\u00ed las claves y consecuencias de este nombramiento.<\/p>\n<h2 class=\"story-body__crosshead\">1. \u00bfQu\u00e9 gana Rousseff nombrando a Lula ministro?<\/h2>\n<p>El expresidente Lula sigue siendo el gran baluarte del gobernante Partido de los Trabajadores (PT) debido a su inmensa popularidad, sobre todo tras lograr reducir la pobreza y desigualdad cuando estuvo al frente del gobierno entre 2003 y 2010.<\/p>\n<p>Por ello se especulaba ya desde hace semanas sobre su posible nombramiento para ayudar a energizar la base del PT frente a los problemas judiciales del gobierno.<\/p>\n<p>Algunos analistas apuntan a que <strong>su entrada en el gabinete traer\u00eda tambi\u00e9n un poco de orden a lo que muchos consideran un gobierno ca\u00f3tico de Rousseff.<\/strong><\/p>\n<p>La presidenta est\u00e1 muy debilitada pol\u00edticamente por los esc\u00e1ndalos de corrupci\u00f3n y enfrenta adem\u00e1s denuncias ante el tribunal electoral de que realiz\u00f3 campa\u00f1a con fondos il\u00edcitos.<\/p>\n<p>Lula tambi\u00e9n deber\u00eda poder ayudar a encauzar las negociaciones con el principal partido de la coalici\u00f3n, el Partido Movimiento Democr\u00e1tico Brasile\u00f1o (PMDB).<\/p>\n<p>Actualmente el PT est\u00e1 en minor\u00eda en ambas c\u00e1maras del Congreso y el PMDB se fij\u00f3 el pasado s\u00e1bado un plazo de 30 d\u00edas para decidir si continuaba o no en el gobierno, algo que podr\u00eda empujar a otros partidos a hacer lo mismo.<\/p>\n<p>Lograr mantener el apoyo del PMDB se antoja fundamental <strong>no s\u00f3lo para mantener la gobernabilidad del pa\u00eds, actualmente sumergido en una profunda recesi\u00f3n econ\u00f3mica, sino tambi\u00e9n para frenar el juicio pol\u00edtico (<i>impeachment<\/i>) en el Congreso contra Rousseff<\/strong> que podr\u00eda terminar oblig\u00e1ndola a entregar la banda presidencial antes del 31 de diciembre de 2018, como estaba originalmente planeado.<\/p>\n<p>El proceso est\u00e1 actualmente congelado a la espera de que el Supremo Tribunal Federal defina la forma en la que se elegir\u00e1n a los 65 miembros de la Comisi\u00f3n Especial de la C\u00e1mara de Representantes que deber\u00e1 emitir un dictamen a favor o en contra de la apertura del proceso, lo que empezar\u00e1 a hacer esta semana.<\/p>\n<p>En caso de un dictamen favorable, el mismo ser\u00e1 sometido a la votaci\u00f3n de la c\u00e1mara baja que, de aprobarlo, traspasar\u00eda la responsabilidad de la decisi\u00f3n final al Senado, que tiene 180 d\u00edas para llegar a una decisi\u00f3n.<\/p>\n<p>M\u00e1s all\u00e1, algunos expertos se\u00f1alan que <strong>este nombramiento pone a Lula en una posici\u00f3n perfecta para sustituir a Rousseff y presentarse como candidato del PT en las pr\u00f3ximas elecciones<\/strong> presidenciales dentro de dos a\u00f1os, ya que Rousseff no puede volver a presentarse y que actualmente el PT no tiene ninguna figura alternativa.<\/p>\n<h2 class=\"story-body__crosshead\">2. \u00bfDe qu\u00e9 acusan a Lula?<\/h2>\n<figure class=\"media-landscape has-caption body-narrow-width\"><\/figure>\n<p><strong>Lula, mentor pol\u00edtico de Rousseff, est\u00e1 acusado de beneficiarse de la corrupci\u00f3n de la petrolera estatal Petrobras<\/strong>.<\/p>\n<p>Los investigadores indicaron que entre los indicios hallados hay donaciones y pagos por conferencias de Lula por unos US$8 millones.<\/p>\n<p>El dinero habr\u00eda sido aportado por constructoras involucradas en la corrupci\u00f3n de Petrobras al Instituto Lula y a una empresa de conferencias del expresidente.<\/p>\n<p>Asimismo, <strong>la Fiscal\u00eda de Sao Paulo pidi\u00f3 la semana pasada prisi\u00f3n preventiva para Lula por presuntos delitos de lavado de dinero mediante ocultaci\u00f3n de patrimonio y falsedad documental<\/strong>. La juez del caso todav\u00eda debe analizar la petici\u00f3n de la fiscal\u00eda.<\/p>\n<p>En la denuncia, los fiscales acusan a Lula y su esposa, Marisa Let\u00edcia, de ser due\u00f1os de un apartamento triplex ubicado en la exclusiva localidad costera de Guaruj\u00e1, en Sao Paulo.<\/p>\n<p>El mismo habr\u00eda sido reformado por la empresa constructora OAS, que vio c\u00f3mo uno de sus antiguos ejecutivos era sentenciado en la causa de corrupci\u00f3n de la petrolera estatal Petrobras.<\/p>\n<p>El expresidente, sin embargo, alega que no es due\u00f1o del apartamento y que tanto \u00e9l como su esposa visitaron el inmueble s\u00f3lo una vez para evaluar comprarlo, pero que luego desistieron, y afirm\u00f3 que los cargos tienen motivaciones pol\u00edticas.<\/p>\n<h2 class=\"story-body__crosshead\">3. \u00bfEs Lula ahora inmune contra cualquier juicio?<\/h2>\n<figure class=\"media-landscape has-caption full-width\"><\/figure>\n<p>Ser ministro proporciona a Lula el estatus de protecci\u00f3n judicial del que disfrutan los altos cargos del gobierno y cientos de miembros del Congreso.<\/p>\n<p>Esto quiere decir que ahora <strong>s\u00f3lo podr\u00e1 ser juzgado por el Tribunal Supremo Federal, la instancia judicial m\u00e1s alta del pa\u00eds<\/strong>.<\/p>\n<p>Ello no deber\u00eda suponer en teor\u00eda ninguna diferencia ya que, a fin de cuentas, Lula podr\u00eda ser juzgado en caso de que haya indicios en su contra.<\/p>\n<p>Sin embargo, algunos expertos dudan de que este tribunal, muchos de cuyos miembros fueron nombrados por Lula y Rousseff, muestre el mismo entusiasmo contra los altos cargos del PT que el juez federal Sergio Moro.<\/p>\n<p>\u00c9ste actualmente lidera la investigaci\u00f3n del caso por el esc\u00e1ndalo de corrupci\u00f3n en Petrobras y <strong>ya no podr\u00e1 investigar los posibles v\u00ednculos de Lula con esta trama ilegal<\/strong>, ya que el caso pasar\u00eda directamente al Tribunal Supremo Federal.<\/p>\n<h2 class=\"story-body__crosshead\">4. \u00bfSe trata, por tanto, de un intento de obstaculizar la justicia?<\/h2>\n<p>Para muchos, este nombramiento podr\u00eda ser visto como un intento de obstaculizar el devenir de la justicia en el caso Petrobras, alimentando las dudas sobre el gobierno que desembocaron en manifestaciones masivas en su contra.<\/p>\n<p>Seg\u00fan el peri\u00f3dico <i>Folha de Sao Paulo<\/i>, el exmandatario de hecho originalmente habr\u00eda declinado esa posibilidad precisamente porque no quer\u00eda que la protecci\u00f3n que acompa\u00f1ar\u00eda a un nombramiento ministerial<strong> fuera interpretada como una admisi\u00f3n de culpabilidad<\/strong>.<\/p>\n<p>No obstante, seg\u00fan Pedro Serrano, profesor de Derecho Constitucional de la Universidad PUC-SP, Lula ahora de hecho podr\u00eda estar en peor situaci\u00f3n que antes.<\/p>\n<p>\u00abJudicialmente es peor para \u00e9l porque despu\u00e9s de la decisi\u00f3n del Tribunal Supremo Federal, <strong>no podr\u00eda apelar su sentencia ya que la decisi\u00f3n de esta corte es definitiva\u00bb<\/strong>, afirm\u00f3 Serrano a la BBC.<\/p>\n<p>BBC.<\/p>\n","protected":false},"excerpt":{"rendered":"<p>Poco despu\u00e9s de que cientos de miles de personas salieran a las calles a protestar contra el gobierno y salpicado por un esc\u00e1ndalo de corrupci\u00f3n de la gigantesca petrolera estatal Petrobras, el expresidente Luiz In\u00e1cio \u00abLula\u00bb da Silva acept\u00f3 este mi\u00e9rcoles ser el n\u00famero dos del gobierno de Dilma Rousseff. Lula, presidente entre 2003 y [&hellip;]<\/p>\n","protected":false},"author":13240,"featured_media":45050,"comment_status":"open","ping_status":"open","sticky":false,"template":"","format":"standard","meta":{"footnotes":""},"categories":[40,43],"tags":[],"class_list":["post-45047","post","type-post","status-publish","format-standard","has-post-thumbnail","hentry","category-internacionales","category-politica"],"_links":{"self":[{"href":"https:\/\/2horizontes.com\/index.php?rest_route=\/wp\/v2\/posts\/45047","targetHints":{"allow":["GET"]}}],"collection":[{"href":"https:\/\/2horizontes.com\/index.php?rest_route=\/wp\/v2\/posts"}],"about":[{"href":"https:\/\/2horizontes.com\/index.php?rest_route=\/wp\/v2\/types\/post"}],"author":[{"embeddable":true,"href":"https:\/\/2horizontes.com\/index.php?rest_route=\/wp\/v2\/users\/13240"}],"replies":[{"embeddable":true,"href":"https:\/\/2horizontes.com\/index.php?rest_route=%2Fwp%2Fv2%2Fcomments&post=45047"}],"version-history":[{"count":1,"href":"https:\/\/2horizontes.com\/index.php?rest_route=\/wp\/v2\/posts\/45047\/revisions"}],"predecessor-version":[{"id":45051,"href":"https:\/\/2horizontes.com\/index.php?rest_route=\/wp\/v2\/posts\/45047\/revisions\/45051"}],"wp:featuredmedia":[{"embeddable":true,"href":"https:\/\/2horizontes.com\/index.php?rest_route=\/wp\/v2\/media\/45050"}],"wp:attachment":[{"href":"https:\/\/2horizontes.com\/index.php?rest_route=%2Fwp%2Fv2%2Fmedia&parent=45047"}],"wp:term":[{"taxonomy":"category","embeddable":true,"href":"https:\/\/2horizontes.com\/index.php?rest_route=%2Fwp%2Fv2%2Fcategories&post=45047"},{"taxonomy":"post_tag","embeddable":true,"href":"https:\/\/2horizontes.com\/index.php?rest_route=%2Fwp%2Fv2%2Ftags&post=45047"}],"curies":[{"name":"wp","href":"https:\/\/api.w.org\/{rel}","templated":true}]}}