{"id":45037,"date":"2016-03-16T17:11:49","date_gmt":"2016-03-16T16:11:49","guid":{"rendered":"http:\/\/2horizontes.com\/?p=45037"},"modified":"2016-03-16T17:11:49","modified_gmt":"2016-03-16T16:11:49","slug":"lula-sera-ministro-de-la-presidencia-en-el-gobierno-de-rousseff","status":"publish","type":"post","link":"https:\/\/2horizontes.com\/?p=45037","title":{"rendered":"Lula ser\u00e1 ministro de la Presidencia en el Gobierno de Rousseff"},"content":{"rendered":"<div class=\"detalle-texto\">\n<div class=\"text\">\n<p>BRASILIA. La mandataria brasile\u00f1a, Dilma Rousseff, design\u00f3 hoy a su antecesor y padrino pol\u00edtico Luiz In\u00e1cio Lula da Silva, salpicado en las \u00faltimas semanas por asuntos de corrupci\u00f3n, como nuevo titular del influyente Ministerio de la Presidencia, informaron fuentes parlamentarias.<\/p>\n<p>El nombramiento a\u00fan no ha sido confirmado por el Gobierno, pero s\u00ed lo anunci\u00f3 el jefe del grupo del gobernante Partido de los Trabajadores (PT) en la C\u00e1mara de Diputados, Afonso Florence, en declaraciones a los periodistas.<\/p>\n<p>La decisi\u00f3n, seg\u00fan Florence, fue tomada despu\u00e9s de una rueda de consultas que Rousseff tuvo durante los \u00faltimos dos d\u00edas con el exmandatario en el Palacio de la Alvorada, residencia oficial de la Presidencia y en la que Lula vivi\u00f3 entre 2003 y 2011, per\u00edodo en que ejerci\u00f3 como jefe de Estado de Brasil.<\/p>\n<p>\u201cTendremos un ministro con larga experiencia para ayudar al pa\u00eds\u201d y la decisi\u00f3n ha sido tomada \u201c\u00fanica y exclusivamente con el objetivo de poner fin a la crisis\u201d pol\u00edtica y econ\u00f3mica, agreg\u00f3 el diputado.<\/p>\n<p>Florence neg\u00f3 que Lula, como ministro, pueda obstaculizar las investigaciones que tramitan en tribunales en su contra o aquellas que afectan a otros funcionarios del Gobierno o parlamentarios del PT.<\/p>\n<p>\u201cFue con Lula en el Gobierno que se fortalecieron el combate a la corrupci\u00f3n e instituciones como la Procuradur\u00eda General, que obtuvo la autonom\u00eda que tiene hoy para investigar\u201d, declar\u00f3.<\/p>\n<p>Seg\u00fan fuentes oficiales, una de las principales tareas de Lula en el Gobierno ser\u00e1 aglutinar a la fragmentada base parlamentaria del oficialismo, de cara al eventual juicio pol\u00edtico que el Congreso puede retomar contra la mandataria en los pr\u00f3ximos d\u00edas.<\/p>\n<p>Lula asumir\u00e1 un ministerio desde el que se controlan todos los resortes del poder, lo cual le permitir\u00e1 influir en cada una de las decisiones de su sucesora y tambi\u00e9n en las de su base parlamentaria, a la que intentar\u00e1 unir de cara al eventual proceso que pudiera desalojar a Rousseff del poder.<\/p>\n<p>Lo har\u00e1 bajo la sombra de las causas abiertas en su contra, en las que es sospechoso de enriquecimiento il\u00edcito, blanqueo de dinero y falsificaci\u00f3n de documentos, cargos por los que la justicia a\u00fan no se ha pronunciado pero que llevaron a la Fiscal\u00eda de Sao Paulo a pedir su detenci\u00f3n preventiva, que todav\u00eda no ha sido decidida.<\/p>\n<p>Sin embargo, con su incorporaci\u00f3n al gabinete de Rousseff, Lula pasar\u00e1 a tener foro privilegiado y todas las causas en su contra deber\u00e1n pasar a manos de la Corte Suprema, lo cual dilatar\u00e1 todos los procesos.<\/p>\n<\/div>\n<\/div>\n","protected":false},"excerpt":{"rendered":"<p>BRASILIA. La mandataria brasile\u00f1a, Dilma Rousseff, design\u00f3 hoy a su antecesor y padrino pol\u00edtico Luiz In\u00e1cio Lula da Silva, salpicado en las \u00faltimas semanas por asuntos de corrupci\u00f3n, como nuevo titular del influyente Ministerio de la Presidencia, informaron fuentes parlamentarias. El nombramiento a\u00fan no ha sido confirmado por el Gobierno, pero s\u00ed lo anunci\u00f3 el [&hellip;]<\/p>\n","protected":false},"author":13240,"featured_media":45038,"comment_status":"open","ping_status":"open","sticky":false,"template":"","format":"standard","meta":{"footnotes":""},"categories":[40,43],"tags":[],"class_list":["post-45037","post","type-post","status-publish","format-standard","has-post-thumbnail","hentry","category-internacionales","category-politica"],"_links":{"self":[{"href":"https:\/\/2horizontes.com\/index.php?rest_route=\/wp\/v2\/posts\/45037","targetHints":{"allow":["GET"]}}],"collection":[{"href":"https:\/\/2horizontes.com\/index.php?rest_route=\/wp\/v2\/posts"}],"about":[{"href":"https:\/\/2horizontes.com\/index.php?rest_route=\/wp\/v2\/types\/post"}],"author":[{"embeddable":true,"href":"https:\/\/2horizontes.com\/index.php?rest_route=\/wp\/v2\/users\/13240"}],"replies":[{"embeddable":true,"href":"https:\/\/2horizontes.com\/index.php?rest_route=%2Fwp%2Fv2%2Fcomments&post=45037"}],"version-history":[{"count":1,"href":"https:\/\/2horizontes.com\/index.php?rest_route=\/wp\/v2\/posts\/45037\/revisions"}],"predecessor-version":[{"id":45039,"href":"https:\/\/2horizontes.com\/index.php?rest_route=\/wp\/v2\/posts\/45037\/revisions\/45039"}],"wp:featuredmedia":[{"embeddable":true,"href":"https:\/\/2horizontes.com\/index.php?rest_route=\/wp\/v2\/media\/45038"}],"wp:attachment":[{"href":"https:\/\/2horizontes.com\/index.php?rest_route=%2Fwp%2Fv2%2Fmedia&parent=45037"}],"wp:term":[{"taxonomy":"category","embeddable":true,"href":"https:\/\/2horizontes.com\/index.php?rest_route=%2Fwp%2Fv2%2Fcategories&post=45037"},{"taxonomy":"post_tag","embeddable":true,"href":"https:\/\/2horizontes.com\/index.php?rest_route=%2Fwp%2Fv2%2Ftags&post=45037"}],"curies":[{"name":"wp","href":"https:\/\/api.w.org\/{rel}","templated":true}]}}