{"id":45018,"date":"2016-03-16T16:21:25","date_gmt":"2016-03-16T15:21:25","guid":{"rendered":"http:\/\/2horizontes.com\/?p=45018"},"modified":"2016-03-16T16:21:25","modified_gmt":"2016-03-16T15:21:25","slug":"a-eduardo-rodriguez-se-le-agota-el-tiempo-para-el-dia-inaugural","status":"publish","type":"post","link":"https:\/\/2horizontes.com\/?p=45018","title":{"rendered":"A Eduardo Rodr\u00edguez se le agota el tiempo para el D\u00eda Inaugural"},"content":{"rendered":"<p>Los Medias Rojas programaron un d\u00eda movido para Eduardo Rodr\u00edguez, este mi\u00e9rcoles. Pero aunque la planificaci\u00f3n de la jornada incluy\u00f3 un rato para hacer tiros largos y una sesi\u00f3n de bullpen, la prensa de Boston es pesimista en cuanto a que el lastimado lanzador venezolano podr\u00e1 evadir la lista de incapacitados el D\u00eda Inaugural de la nueva temporada de Grandes Ligas.<\/p>\n<p>Rodr\u00edguez fue el novato sensaci\u00f3n de la divisa en la campa\u00f1a pasada, en medio de las decepciones que sufrieron los patirrojos. Est\u00e1 lesionado en la rodilla izquierda desde finales de febrero, cuando sufri\u00f3 un esguince mientras corr\u00eda en una pr\u00e1ctica.<\/p>\n<p>\u201cCreo que su reacci\u00f3n en la jornada nos permitir\u00e1 saber exactamente d\u00f3nde estamos\u201d, declar\u00f3 el manager John Farrell, el martes.<\/p>\n<p>El portal <em>MassLive<\/em> se\u00f1ala como \u201cmuy poco probable\u201d que el zurdo pueda estar activo al inicio del torneo. El diario <em>Providence Journal<\/em> ubica su posible estreno para el 22 de abril, casi tres semanas despu\u00e9s del comienzo de la acci\u00f3n. El <em>Boston Herald<\/em> considera que s\u00f3lo \u201cun golpe de suerte\u201d le permitir\u00eda estar activo al romper fuegos la justa.<\/p>\n<p>\u201cNecesita hacer su propio spring training\u201d, admiti\u00f3 Farrell. \u201cEs obvio que necesitar\u00e1 al menos dos sesiones m\u00e1s de bullpen, antes de su primer juego real\u201d.<\/p>\n<p>Rodr\u00edguez no tiene da\u00f1o estructural. Ha recibido tratamiento y la inflamaci\u00f3n ha cedido. Pero a\u00fan est\u00e1 sensible en la zona y no ha podido entrenarse al m\u00e1ximo esfuerzo.<\/p>\n<p>El <em>Herald<\/em> ofreci\u00f3 un calendario de trabajo no oficial, que ubicar\u00eda el debut del carabobe\u00f1o en la segunda quincena de abril, perdiendo tres turnos en la rotaci\u00f3n.<\/p>\n<p>Si Rodr\u00edguez necesita otras dos sesiones de bullpen, precisa el peri\u00f3dico, estas le tocar\u00edan el viernes y el domingo. As\u00ed, su primer inicio primaveral quedar\u00eda fijado para el 22 de marzo. Suponiendo que le har\u00e1n hacer seis presentaciones de preparaci\u00f3n, como ocurre regularmente en el Spring Training, necesitar\u00e1 un mes. El 22 de abril completar\u00eda ese recorrido con su estreno en la temporada.<\/p>\n<p>Nada es oficial a\u00fan, salvo el deseo que tienen los Medias Rojas de llevar con cuidado al criollo, una de las joyas de la organizaci\u00f3n esta campa\u00f1a y a futuro.<\/p>\n","protected":false},"excerpt":{"rendered":"<p>Los Medias Rojas programaron un d\u00eda movido para Eduardo Rodr\u00edguez, este mi\u00e9rcoles. Pero aunque la planificaci\u00f3n de la jornada incluy\u00f3 un rato para hacer tiros largos y una sesi\u00f3n de bullpen, la prensa de Boston es pesimista en cuanto a que el lastimado lanzador venezolano podr\u00e1 evadir la lista de incapacitados el D\u00eda Inaugural de [&hellip;]<\/p>\n","protected":false},"author":13240,"featured_media":45019,"comment_status":"open","ping_status":"open","sticky":false,"template":"","format":"standard","meta":{"footnotes":""},"categories":[42,40],"tags":[],"class_list":["post-45018","post","type-post","status-publish","format-standard","has-post-thumbnail","hentry","category-deportes","category-internacionales"],"_links":{"self":[{"href":"https:\/\/2horizontes.com\/index.php?rest_route=\/wp\/v2\/posts\/45018","targetHints":{"allow":["GET"]}}],"collection":[{"href":"https:\/\/2horizontes.com\/index.php?rest_route=\/wp\/v2\/posts"}],"about":[{"href":"https:\/\/2horizontes.com\/index.php?rest_route=\/wp\/v2\/types\/post"}],"author":[{"embeddable":true,"href":"https:\/\/2horizontes.com\/index.php?rest_route=\/wp\/v2\/users\/13240"}],"replies":[{"embeddable":true,"href":"https:\/\/2horizontes.com\/index.php?rest_route=%2Fwp%2Fv2%2Fcomments&post=45018"}],"version-history":[{"count":1,"href":"https:\/\/2horizontes.com\/index.php?rest_route=\/wp\/v2\/posts\/45018\/revisions"}],"predecessor-version":[{"id":45020,"href":"https:\/\/2horizontes.com\/index.php?rest_route=\/wp\/v2\/posts\/45018\/revisions\/45020"}],"wp:featuredmedia":[{"embeddable":true,"href":"https:\/\/2horizontes.com\/index.php?rest_route=\/wp\/v2\/media\/45019"}],"wp:attachment":[{"href":"https:\/\/2horizontes.com\/index.php?rest_route=%2Fwp%2Fv2%2Fmedia&parent=45018"}],"wp:term":[{"taxonomy":"category","embeddable":true,"href":"https:\/\/2horizontes.com\/index.php?rest_route=%2Fwp%2Fv2%2Fcategories&post=45018"},{"taxonomy":"post_tag","embeddable":true,"href":"https:\/\/2horizontes.com\/index.php?rest_route=%2Fwp%2Fv2%2Ftags&post=45018"}],"curies":[{"name":"wp","href":"https:\/\/api.w.org\/{rel}","templated":true}]}}