{"id":45012,"date":"2016-03-16T16:03:52","date_gmt":"2016-03-16T15:03:52","guid":{"rendered":"http:\/\/2horizontes.com\/?p=45012"},"modified":"2016-03-16T16:03:52","modified_gmt":"2016-03-16T15:03:52","slug":"consul-chileno-espera-justicia-por-muerte-de-su-hija-en-maracaibo","status":"publish","type":"post","link":"https:\/\/2horizontes.com\/?p=45012","title":{"rendered":"C\u00f3nsul chileno espera justicia por muerte de su hija en Maracaibo"},"content":{"rendered":"<p>El c\u00f3nsul chileno Fernando Berendique Benavente a\u00fan conf\u00eda en que haya justicia por el asesinato de su hija, Karen Vanessa Berendique, ocurrido hace m\u00e1s 1.400 d\u00edas. La sentencia de los 12 funcionarios del Cicpc, implicados en el crimen, a\u00fan no se ha decidido.<\/p>\n<p>Karen Berendique falleci\u00f3 la madrugada del s\u00e1bado 17 de marzo de 2012 tras un confuso incidente en que\u00a0result\u00f3 mortalmente herida de bala cuando agentes de la polic\u00eda judicial dispararon al veh\u00edculo en que viajaba\u00a0junto a su hermano, rese\u00f1\u00f3 el diario\u00a0<em>La Verdad\u00a0<\/em>del estado Zulia.<\/p>\n<p>El diplom\u00e1tico expres\u00f3 que el proceso \u201cse ha alargado much\u00edsimo, el expediente es bastante largo\u00bb. Indic\u00f3 que el trabajo criminal\u00edstico por parte de los investigadores lleg\u00f3 a su fin la \u00faltima semana de febrero. Identificaron \u00a0las cinco pistolas que se accionaron, los funcionarios que las dispararon y la bala que asesin\u00f3 a la joven. La del arma de Y\u00e9ferson Villalobos, un agente con pocos a\u00f1os de experiencia.<\/p>\n<p>El c\u00f3nsul est\u00edma que la angustia judicial llegue a su fin a mediados del a\u00f1o en curso. \u00abAs\u00ed dijeron el a\u00f1o pasado, pero ahora han culminado m\u00e1s etapas\u00bb.<\/p>\n<p>El Gobierno de su pa\u00eds natal siempre est\u00e1 en contacto de c\u00f3mo va el caso y sus etapas. \u00abEn Chile hizo estragos la muerte de mi hija, constantemente les reporto del caso\u00bb. Alejandro M\u00e9ndez fiscal nacional de Chile se encarg\u00f3 del caso desde el primer d\u00eda.<\/p>\n<p><strong>Acusaciones a los funcionarios<\/strong><\/p>\n<p>Los fiscales 34, 39, 76\u00a0 nacionales, y el 45 del referido estado, Desir\u00e9e Boada, Carlos Morillo, Alejandro M\u00e9ndez y Alexis Perozo, respectivamente, acusaron a los agentes Luis Boh\u00f3rquez, Fernando Urdaneta, Dinolkys Reyes y Jeferson Villalobos, por presuntamente ser coautores en el delito de homicidio calificado con alevos\u00eda y motivos f\u00fatiles, en perjuicio de la joven muerta; y coautores en el delito de homicidio calificado con alevos\u00eda y motivos f\u00fatiles, en grado de frustraci\u00f3n, en relaci\u00f3n con Fernando Berendique, hermano de Karen Berendique.<\/p>\n<p>Igualmente, los cuatro funcionarios fueron acusados por el delito de uso indebido de arma de fuego. Los fiscales tambi\u00e9n acusaron a Boh\u00f3rquez, Urdaneta y a Reyes por la presunta comisi\u00f3n del delito de lesiones intencionales en perjuicio de Darwin Medina, quien result\u00f3 herido de bala en medio de los disparos.<\/p>\n","protected":false},"excerpt":{"rendered":"<p>El c\u00f3nsul chileno Fernando Berendique Benavente a\u00fan conf\u00eda en que haya justicia por el asesinato de su hija, Karen Vanessa Berendique, ocurrido hace m\u00e1s 1.400 d\u00edas. La sentencia de los 12 funcionarios del Cicpc, implicados en el crimen, a\u00fan no se ha decidido. Karen Berendique falleci\u00f3 la madrugada del s\u00e1bado 17 de marzo de 2012 [&hellip;]<\/p>\n","protected":false},"author":13240,"featured_media":45014,"comment_status":"open","ping_status":"open","sticky":false,"template":"","format":"standard","meta":{"footnotes":""},"categories":[40,43,48],"tags":[],"class_list":["post-45012","post","type-post","status-publish","format-standard","has-post-thumbnail","hentry","category-internacionales","category-politica","category-venezuela"],"_links":{"self":[{"href":"https:\/\/2horizontes.com\/index.php?rest_route=\/wp\/v2\/posts\/45012","targetHints":{"allow":["GET"]}}],"collection":[{"href":"https:\/\/2horizontes.com\/index.php?rest_route=\/wp\/v2\/posts"}],"about":[{"href":"https:\/\/2horizontes.com\/index.php?rest_route=\/wp\/v2\/types\/post"}],"author":[{"embeddable":true,"href":"https:\/\/2horizontes.com\/index.php?rest_route=\/wp\/v2\/users\/13240"}],"replies":[{"embeddable":true,"href":"https:\/\/2horizontes.com\/index.php?rest_route=%2Fwp%2Fv2%2Fcomments&post=45012"}],"version-history":[{"count":1,"href":"https:\/\/2horizontes.com\/index.php?rest_route=\/wp\/v2\/posts\/45012\/revisions"}],"predecessor-version":[{"id":45015,"href":"https:\/\/2horizontes.com\/index.php?rest_route=\/wp\/v2\/posts\/45012\/revisions\/45015"}],"wp:featuredmedia":[{"embeddable":true,"href":"https:\/\/2horizontes.com\/index.php?rest_route=\/wp\/v2\/media\/45014"}],"wp:attachment":[{"href":"https:\/\/2horizontes.com\/index.php?rest_route=%2Fwp%2Fv2%2Fmedia&parent=45012"}],"wp:term":[{"taxonomy":"category","embeddable":true,"href":"https:\/\/2horizontes.com\/index.php?rest_route=%2Fwp%2Fv2%2Fcategories&post=45012"},{"taxonomy":"post_tag","embeddable":true,"href":"https:\/\/2horizontes.com\/index.php?rest_route=%2Fwp%2Fv2%2Ftags&post=45012"}],"curies":[{"name":"wp","href":"https:\/\/api.w.org\/{rel}","templated":true}]}}