{"id":44936,"date":"2016-03-16T02:06:10","date_gmt":"2016-03-16T01:06:10","guid":{"rendered":"http:\/\/2horizontes.com\/?p=44936"},"modified":"2016-03-16T02:10:06","modified_gmt":"2016-03-16T01:10:06","slug":"academia-de-hollywood-lamento-chistes-sobre-asiaticos-en-ceremonia-de-los-oscar","status":"publish","type":"post","link":"https:\/\/2horizontes.com\/?p=44936","title":{"rendered":"Academia de Hollywood lament\u00f3 chistes sobre asi\u00e1ticos en ceremonia de los Oscar"},"content":{"rendered":"<p class=\"pg-dateline\"><span class=\"byline\">EFE<\/span><small class=\"timestamp\"><\/small><\/p>\n<div class=\"mce-body mce\">\n<p>La Academia de Hollywood lament\u00f3 este martes que ciertos chistes sobre las personas asi\u00e1ticas en la m\u00e1s reciente edici\u00f3n de los Oscar fueran ofensivos, y lo hizo como respuesta despu\u00e9s de que 25 acad\u00e9micos, entre ellos el director Ang Lee, escribieran una carta de protesta sobre el asunto.<\/p>\n<p>\u00abLa Academia agradece las preocupaciones mostradas y lamenta que cualquier aspecto de la retransmisi\u00f3n de los Oscar fuera ofensivo. Estamos comprometidos a hacer todo lo posible para asegurar que el material de los futuros espect\u00e1culos sea m\u00e1s sensible culturalmente\u00bb, se\u00f1al\u00f3 un comunicado de la Academia de Hollywood.<\/p>\n<p>Esta nota se hizo p\u00fablica despu\u00e9s de que 25 acad\u00e9micos, que se declararon como descendientes asi\u00e1ticos, mostraran en una carta su \u00abcompleta sorpresa\u00bb y \u00abdecepci\u00f3n\u00bb por algunos de los chistes que \u00abperpetuaron estereotipos racistas\u00bb en la reciente edici\u00f3n de los Oscar.<\/p>\n<p>En una gala que lleg\u00f3 precedida de una notable pol\u00e9mica por la ausencia de actores negros nominados, el presentador Chris Rock invit\u00f3 al escenario a tres ni\u00f1os de origen asi\u00e1tico y los present\u00f3 como los contables de la Academia.<\/p>\n<p>En otro tramo de la retransmisi\u00f3n, el actor Sacha Baron Cohen, caracterizado como su personaje Ali G, hizo una broma sobre las personas asi\u00e1ticas, sus genitales y los protagonistas de la pel\u00edcula <em>Minions<\/em>.<\/p>\n<p>Ambos pasajes de la gala celebrada el pasado 28 de febrero fueron criticados en los medios de comunicaci\u00f3n y las redes sociales. \u00abA la luz del criticismo sobre #OscarsSoWhite (\u00d3scars tan blancos), est\u00e1bamos esperanzados de que la retransmisi\u00f3n proporcionara a la Academia un camino para avanzar y una ocasi\u00f3n para presentar un ejemplo espectacular de inclusi\u00f3n y diversidad\u00bb, se\u00f1al\u00f3 la carta de protesta.<\/p>\n<p>\u00abEn su lugar, la gala de los \u00d3scar fue arruinada por un desafinado enfoque en su retrato de los asi\u00e1ticos\u00bb, a\u00f1adi\u00f3. Los acad\u00e9micos firmantes pidieron conocer c\u00f3mo se incluyeron esos chistes \u00absin gusto\u00bb y \u00abofensivos\u00bb en la ceremonia y apostaron porque se tomen \u00abpasos concretos\u00bb para asegurar que todas las personas sean representadas \u00abcon dignidad y respeto\u00bb.<\/p>\n<\/div>\n","protected":false},"excerpt":{"rendered":"<p>EFE La Academia de Hollywood lament\u00f3 este martes que ciertos chistes sobre las personas asi\u00e1ticas en la m\u00e1s reciente edici\u00f3n de los Oscar fueran ofensivos, y lo hizo como respuesta despu\u00e9s de que 25 acad\u00e9micos, entre ellos el director Ang Lee, escribieran una carta de protesta sobre el asunto. \u00abLa Academia agradece las preocupaciones mostradas [&hellip;]<\/p>\n","protected":false},"author":13240,"featured_media":44938,"comment_status":"open","ping_status":"open","sticky":false,"template":"","format":"standard","meta":{"footnotes":""},"categories":[1,40],"tags":[],"class_list":["post-44936","post","type-post","status-publish","format-standard","has-post-thumbnail","hentry","category-entretenimiento","category-internacionales"],"_links":{"self":[{"href":"https:\/\/2horizontes.com\/index.php?rest_route=\/wp\/v2\/posts\/44936","targetHints":{"allow":["GET"]}}],"collection":[{"href":"https:\/\/2horizontes.com\/index.php?rest_route=\/wp\/v2\/posts"}],"about":[{"href":"https:\/\/2horizontes.com\/index.php?rest_route=\/wp\/v2\/types\/post"}],"author":[{"embeddable":true,"href":"https:\/\/2horizontes.com\/index.php?rest_route=\/wp\/v2\/users\/13240"}],"replies":[{"embeddable":true,"href":"https:\/\/2horizontes.com\/index.php?rest_route=%2Fwp%2Fv2%2Fcomments&post=44936"}],"version-history":[{"count":2,"href":"https:\/\/2horizontes.com\/index.php?rest_route=\/wp\/v2\/posts\/44936\/revisions"}],"predecessor-version":[{"id":44941,"href":"https:\/\/2horizontes.com\/index.php?rest_route=\/wp\/v2\/posts\/44936\/revisions\/44941"}],"wp:featuredmedia":[{"embeddable":true,"href":"https:\/\/2horizontes.com\/index.php?rest_route=\/wp\/v2\/media\/44938"}],"wp:attachment":[{"href":"https:\/\/2horizontes.com\/index.php?rest_route=%2Fwp%2Fv2%2Fmedia&parent=44936"}],"wp:term":[{"taxonomy":"category","embeddable":true,"href":"https:\/\/2horizontes.com\/index.php?rest_route=%2Fwp%2Fv2%2Fcategories&post=44936"},{"taxonomy":"post_tag","embeddable":true,"href":"https:\/\/2horizontes.com\/index.php?rest_route=%2Fwp%2Fv2%2Ftags&post=44936"}],"curies":[{"name":"wp","href":"https:\/\/api.w.org\/{rel}","templated":true}]}}