{"id":44899,"date":"2016-03-15T14:30:56","date_gmt":"2016-03-15T13:30:56","guid":{"rendered":"http:\/\/2horizontes.com\/?p=44899"},"modified":"2016-03-15T14:30:56","modified_gmt":"2016-03-15T13:30:56","slug":"hallan-los-cadaveres-de-17-mineros-en-una-fosa-comun-en-venezuela","status":"publish","type":"post","link":"https:\/\/2horizontes.com\/?p=44899","title":{"rendered":"Hallan los cad\u00e1veres de 17 mineros en una fosa com\u00fan en Venezuela"},"content":{"rendered":"<div id=\"ArticleAuthorDiv\" class=\"article-body-author\"><b>AP<\/b><\/div>\n<div id=\"ArticleSourceDiv\" class=\"article-body-author\"><b>CARACAS, Venezuela<\/b><\/div>\n<div id=\"ArticleBody\">\n<p>Autoridades venezolanas localizaron los cuerpos de 17 mineros que estaban desaparecidos desde principios de mes en la poblaci\u00f3n suroriental de Tumeremo, en el estado de Bol\u00edvar. El hallazgo concluy\u00f3 las labores de b\u00fasqueda.<\/p>\n<p>Por el momento, las autoridades no tienen claro cu\u00e1l fue el m\u00f3vil de la masacre, seg\u00fan hab\u00eda explicado la fiscal general en la v\u00edspera.<\/p>\n<p>La fiscal general, Luisa Ortega D\u00edaz, anunci\u00f3 la noche del lunes el hallazgo de 17 cad\u00e1veres de los mineros que fueron reportados como desaparecidos por sus familias el pasado 4 de marzo.<\/p>\n<p>Los cuerpos fueron encontrados dentro de una fosa com\u00fan de aproximadamente cinco metros de profundidad cerca de la localidad de Nuevo Callao, en el estado suroriental de Bol\u00edvar. La localizaci\u00f3n de los cad\u00e1veres se obtuvo el lunes en la tarde, tras varios d\u00edas de b\u00fasqueda.<\/p>\n<p>\u00abHemos concluido la b\u00fasqueda de los desaparecidos en Tumeremo\u00bb, indic\u00f3 en su cuenta de Twitter Ortega D\u00edaz, que no ofreci\u00f3 m\u00e1s detalles.\u00a0\u00a0\u00a0 \u00a0 Familiares de las v\u00edctimas, testigos y opositores aseguraron inicialmente que hab\u00eda 28 mineros desaparecidos.<\/p>\n<p>El presidente venezolano, Nicol\u00e1s Maduro, dijo la semana pasada que se cre\u00eda que los mineros fueron v\u00edctimas de una \u00abmatanza en una guerra de bandas\u00bb que operan en el sur del estado Bol\u00edvar, donde hay una intensa actividad de miner\u00eda ilegal.<\/p>\n<p>En el marco de la investigaci\u00f3n se detuvo a Rosa Gil Salazar, que estar\u00eda vinculada a los asesinatos. Los cuerpos de seguridad est\u00e1n tras la b\u00fasqueda de otras tres personas, entre ellas Jamilton Andr\u00e9s Ulloa Su\u00e1rez, alias \u00abEl Topo\u00bb, de nacionalidad ecuatoriana.<\/p>\n<p>Tras el anuncio de las desapariciones y la protesta de los familiares en una v\u00eda que comunica el sur del pa\u00eds con la frontera con Brasil, las autoridades enviaron un millar de militares al sur del estado Bol\u00edvar para reforzar las labores de b\u00fasqueda.<\/p>\n<p>La Asamblea Nacional, controlada por la oposici\u00f3n, cre\u00f3 la semana pasada una comisi\u00f3n para investigar el caso.<\/p>\n<\/div>\n<div><\/div>\n","protected":false},"excerpt":{"rendered":"<p>AP CARACAS, Venezuela Autoridades venezolanas localizaron los cuerpos de 17 mineros que estaban desaparecidos desde principios de mes en la poblaci\u00f3n suroriental de Tumeremo, en el estado de Bol\u00edvar. El hallazgo concluy\u00f3 las labores de b\u00fasqueda. Por el momento, las autoridades no tienen claro cu\u00e1l fue el m\u00f3vil de la masacre, seg\u00fan hab\u00eda explicado la [&hellip;]<\/p>\n","protected":false},"author":7,"featured_media":44901,"comment_status":"open","ping_status":"open","sticky":false,"template":"","format":"standard","meta":{"footnotes":""},"categories":[40],"tags":[],"class_list":["post-44899","post","type-post","status-publish","format-standard","has-post-thumbnail","hentry","category-internacionales"],"_links":{"self":[{"href":"https:\/\/2horizontes.com\/index.php?rest_route=\/wp\/v2\/posts\/44899","targetHints":{"allow":["GET"]}}],"collection":[{"href":"https:\/\/2horizontes.com\/index.php?rest_route=\/wp\/v2\/posts"}],"about":[{"href":"https:\/\/2horizontes.com\/index.php?rest_route=\/wp\/v2\/types\/post"}],"author":[{"embeddable":true,"href":"https:\/\/2horizontes.com\/index.php?rest_route=\/wp\/v2\/users\/7"}],"replies":[{"embeddable":true,"href":"https:\/\/2horizontes.com\/index.php?rest_route=%2Fwp%2Fv2%2Fcomments&post=44899"}],"version-history":[{"count":1,"href":"https:\/\/2horizontes.com\/index.php?rest_route=\/wp\/v2\/posts\/44899\/revisions"}],"predecessor-version":[{"id":44902,"href":"https:\/\/2horizontes.com\/index.php?rest_route=\/wp\/v2\/posts\/44899\/revisions\/44902"}],"wp:featuredmedia":[{"embeddable":true,"href":"https:\/\/2horizontes.com\/index.php?rest_route=\/wp\/v2\/media\/44901"}],"wp:attachment":[{"href":"https:\/\/2horizontes.com\/index.php?rest_route=%2Fwp%2Fv2%2Fmedia&parent=44899"}],"wp:term":[{"taxonomy":"category","embeddable":true,"href":"https:\/\/2horizontes.com\/index.php?rest_route=%2Fwp%2Fv2%2Fcategories&post=44899"},{"taxonomy":"post_tag","embeddable":true,"href":"https:\/\/2horizontes.com\/index.php?rest_route=%2Fwp%2Fv2%2Ftags&post=44899"}],"curies":[{"name":"wp","href":"https:\/\/api.w.org\/{rel}","templated":true}]}}