{"id":44893,"date":"2016-03-15T14:19:02","date_gmt":"2016-03-15T13:19:02","guid":{"rendered":"http:\/\/2horizontes.com\/?p=44893"},"modified":"2016-03-15T14:19:02","modified_gmt":"2016-03-15T13:19:02","slug":"oficial-que-revelo-prostitucion-en-policia-colombiana-escapo-a-secuestradores","status":"publish","type":"post","link":"https:\/\/2horizontes.com\/?p=44893","title":{"rendered":"Oficial que revel\u00f3 prostituci\u00f3n en Polic\u00eda colombiana escap\u00f3 a secuestradores"},"content":{"rendered":"<div id=\"ArticleAuthorDiv\" class=\"article-body-author\"><b>EFE<\/b><\/div>\n<div id=\"ArticleSourceDiv\" class=\"article-body-author\"><b>Bogot\u00e1<\/b><\/div>\n<div id=\"ArticleBody\">\n<p>El oficial de la Polic\u00eda colombiana que denunci\u00f3 la existencia de una supuesta red de prostituci\u00f3n masculina en la instituci\u00f3n y que fue secuestrado el pasado s\u00e1bado en el departamento de Norte de Santander, fronterizo con Venezuela, escap\u00f3 a sus captores, confirmaron fuentes policiales.<\/p>\n<p>\u00abLa Polic\u00eda Nacional confirma la libertad del capit\u00e1n \u00c1nyelo Palacios en horas de la ma\u00f1ana\u00bb, dijo a periodistas el comandante del grupo antisecuestros y antiextorsi\u00f3n (Gaula) de la Polic\u00eda, general Fabio L\u00f3pez.<\/p>\n<p>El capit\u00e1n Palacios estaba retenido por sus captores en la aldea Caliche, jurisdicci\u00f3n del municipio de Ragonvalia, agreg\u00f3 el general L\u00f3pez, que no dio m\u00e1s detalles sobre el secuestro.<\/p>\n<p>Sobre las 4:30 hora local (9.30 GMT) lograron ubicar al oficial de la Polic\u00eda, que fue trasladado a C\u00facuta, capital departamental, para evaluar su estado de salud.<\/p>\n<p>\u00abLas labores investigativas se mantienen y contin\u00faan, hay que esclarecer este hecho del posible secuestro del capit\u00e1n\u00bb, agreg\u00f3 el general L\u00f3pez.<\/p>\n<p>Palacios fue interceptado el s\u00e1bado por la noche por cuatro hombres que viajaban en dos motocicletas cuando transitaba en un autom\u00f3vil por el sector La Miguelera, en la carretera entre C\u00facuta y la ciudad de Pamplona.<\/p>\n<p>El capit\u00e1n de la Polic\u00eda viajaba con su padrastro, Arcilio Ortiz Valero, de 76 a\u00f1os, quien fue dejado en el lugar de los hechos y avis\u00f3 de lo ocurrido.<\/p>\n<p>Este oficial se hab\u00eda visto envuelto en un esc\u00e1ndalo despu\u00e9s de que se declarara v\u00edctima de una supuesta red de prostituci\u00f3n homosexual en la Polic\u00eda, conocida como \u00abLa comunidad del anillo\u00bb, que a mediados de febrero le cost\u00f3 el cargo al director de esa instituci\u00f3n, general Rodolfo Palomino.<\/p>\n<p>La trama gener\u00f3 un debate nacional tras la publicaci\u00f3n por parte de la emisora La FM de un v\u00eddeo grabado en 2008 por Palacios en el que mantiene una conversaci\u00f3n de alto contenido sexual con el entonces senador Carlos Ferro.<\/p>\n<p>Eso llev\u00f3 al procurador general, Alejandro Ord\u00f3\u00f1ez, a abrir una investigaci\u00f3n disciplinaria dentro de la instituci\u00f3n por el \u00abposible incremento patrimonial, presuntos seguimientos e interceptaciones ilegales a periodistas y creaci\u00f3n y puesta en marcha de una supuesta red de prostituci\u00f3n masculina\u00bb.<\/p>\n<\/div>\n","protected":false},"excerpt":{"rendered":"<p>EFE Bogot\u00e1 El oficial de la Polic\u00eda colombiana que denunci\u00f3 la existencia de una supuesta red de prostituci\u00f3n masculina en la instituci\u00f3n y que fue secuestrado el pasado s\u00e1bado en el departamento de Norte de Santander, fronterizo con Venezuela, escap\u00f3 a sus captores, confirmaron fuentes policiales. \u00abLa Polic\u00eda Nacional confirma la libertad del capit\u00e1n \u00c1nyelo [&hellip;]<\/p>\n","protected":false},"author":7,"featured_media":44894,"comment_status":"open","ping_status":"open","sticky":false,"template":"","format":"standard","meta":{"footnotes":""},"categories":[50,40],"tags":[],"class_list":["post-44893","post","type-post","status-publish","format-standard","has-post-thumbnail","hentry","category-colombia","category-internacionales"],"_links":{"self":[{"href":"https:\/\/2horizontes.com\/index.php?rest_route=\/wp\/v2\/posts\/44893","targetHints":{"allow":["GET"]}}],"collection":[{"href":"https:\/\/2horizontes.com\/index.php?rest_route=\/wp\/v2\/posts"}],"about":[{"href":"https:\/\/2horizontes.com\/index.php?rest_route=\/wp\/v2\/types\/post"}],"author":[{"embeddable":true,"href":"https:\/\/2horizontes.com\/index.php?rest_route=\/wp\/v2\/users\/7"}],"replies":[{"embeddable":true,"href":"https:\/\/2horizontes.com\/index.php?rest_route=%2Fwp%2Fv2%2Fcomments&post=44893"}],"version-history":[{"count":1,"href":"https:\/\/2horizontes.com\/index.php?rest_route=\/wp\/v2\/posts\/44893\/revisions"}],"predecessor-version":[{"id":44895,"href":"https:\/\/2horizontes.com\/index.php?rest_route=\/wp\/v2\/posts\/44893\/revisions\/44895"}],"wp:featuredmedia":[{"embeddable":true,"href":"https:\/\/2horizontes.com\/index.php?rest_route=\/wp\/v2\/media\/44894"}],"wp:attachment":[{"href":"https:\/\/2horizontes.com\/index.php?rest_route=%2Fwp%2Fv2%2Fmedia&parent=44893"}],"wp:term":[{"taxonomy":"category","embeddable":true,"href":"https:\/\/2horizontes.com\/index.php?rest_route=%2Fwp%2Fv2%2Fcategories&post=44893"},{"taxonomy":"post_tag","embeddable":true,"href":"https:\/\/2horizontes.com\/index.php?rest_route=%2Fwp%2Fv2%2Ftags&post=44893"}],"curies":[{"name":"wp","href":"https:\/\/api.w.org\/{rel}","templated":true}]}}