{"id":44830,"date":"2016-03-14T15:56:12","date_gmt":"2016-03-14T14:56:12","guid":{"rendered":"http:\/\/2horizontes.com\/?p=44830"},"modified":"2016-03-14T15:56:12","modified_gmt":"2016-03-14T14:56:12","slug":"fenatrado-anuncia-que-mantiene-a-blas-peralta-como-presidente-y-no-alterara-el-orden","status":"publish","type":"post","link":"https:\/\/2horizontes.com\/?p=44830","title":{"rendered":"Fenatrado anuncia que mantiene a Blas Peralta como presidente y no alterar\u00e1 el orden"},"content":{"rendered":"<div class=\"detalle-texto\">\n<div class=\"text\">\n<p>SANTO DOMINGO. El Comit\u00e9 Ejecutivo de la Federaci\u00f3n Nacional de Transporte Dominicano (Fenatrado) adelant\u00f3 hoy que ante la situaci\u00f3n judicial por la que atraviesa su presidente Blas Peralta, los miembros del gremio no alterar\u00e1n el orden y se mantendr\u00e1n serenos a la espera de una soluci\u00f3n del caso.<\/p>\n<p>Peralta est\u00e1 siendo acusado por la Fiscal\u00eda del Distrito Nacional de utilizar un arma \u201ccargada por la Polic\u00eda Nacional\u201d para supuestamente matar al exrector de la Universidad Aut\u00f3noma de Santo Domingo (UASD) y candidato a senador por San Crist\u00f3bal, Mateo Aquino Febrillet, el pasado viernes, tras una discusi\u00f3n de \u00edndole pol\u00edtico.<\/p>\n<p>Rafael Tejada, vocero de Fenatrado, dijo que la organizaci\u00f3n no sustituir\u00e1 a su presidente y agreg\u00f3 que se mantendr\u00e1n trabajando de manera colegiada.<\/p>\n<p>Expres\u00f3 que el sindicato lamenta la muerte de Aquino Febrillet.<\/p>\n<p>Conforme Peralta ha indicado anteriormente, Fenatrado cuenta con 208 sindicatos afiliados y una membres\u00eda de m\u00e1s de 89 mil choferes que se dedican al transporte de carga a nivel local y hacia Hait\u00ed.<\/p>\n<\/div>\n<\/div>\n","protected":false},"excerpt":{"rendered":"<p>SANTO DOMINGO. El Comit\u00e9 Ejecutivo de la Federaci\u00f3n Nacional de Transporte Dominicano (Fenatrado) adelant\u00f3 hoy que ante la situaci\u00f3n judicial por la que atraviesa su presidente Blas Peralta, los miembros del gremio no alterar\u00e1n el orden y se mantendr\u00e1n serenos a la espera de una soluci\u00f3n del caso. Peralta est\u00e1 siendo acusado por la Fiscal\u00eda [&hellip;]<\/p>\n","protected":false},"author":13240,"featured_media":44844,"comment_status":"open","ping_status":"open","sticky":false,"template":"","format":"standard","meta":{"footnotes":""},"categories":[44],"tags":[],"class_list":["post-44830","post","type-post","status-publish","format-standard","has-post-thumbnail","hentry","category-republica-dominicana"],"_links":{"self":[{"href":"https:\/\/2horizontes.com\/index.php?rest_route=\/wp\/v2\/posts\/44830","targetHints":{"allow":["GET"]}}],"collection":[{"href":"https:\/\/2horizontes.com\/index.php?rest_route=\/wp\/v2\/posts"}],"about":[{"href":"https:\/\/2horizontes.com\/index.php?rest_route=\/wp\/v2\/types\/post"}],"author":[{"embeddable":true,"href":"https:\/\/2horizontes.com\/index.php?rest_route=\/wp\/v2\/users\/13240"}],"replies":[{"embeddable":true,"href":"https:\/\/2horizontes.com\/index.php?rest_route=%2Fwp%2Fv2%2Fcomments&post=44830"}],"version-history":[{"count":1,"href":"https:\/\/2horizontes.com\/index.php?rest_route=\/wp\/v2\/posts\/44830\/revisions"}],"predecessor-version":[{"id":44845,"href":"https:\/\/2horizontes.com\/index.php?rest_route=\/wp\/v2\/posts\/44830\/revisions\/44845"}],"wp:featuredmedia":[{"embeddable":true,"href":"https:\/\/2horizontes.com\/index.php?rest_route=\/wp\/v2\/media\/44844"}],"wp:attachment":[{"href":"https:\/\/2horizontes.com\/index.php?rest_route=%2Fwp%2Fv2%2Fmedia&parent=44830"}],"wp:term":[{"taxonomy":"category","embeddable":true,"href":"https:\/\/2horizontes.com\/index.php?rest_route=%2Fwp%2Fv2%2Fcategories&post=44830"},{"taxonomy":"post_tag","embeddable":true,"href":"https:\/\/2horizontes.com\/index.php?rest_route=%2Fwp%2Fv2%2Ftags&post=44830"}],"curies":[{"name":"wp","href":"https:\/\/api.w.org\/{rel}","templated":true}]}}