{"id":44780,"date":"2016-03-14T14:01:10","date_gmt":"2016-03-14T13:01:10","guid":{"rendered":"http:\/\/2horizontes.com\/?p=44780"},"modified":"2016-03-14T14:01:28","modified_gmt":"2016-03-14T13:01:28","slug":"presidente-haitiano-satisfecho-por-estabilidad-vive-pais-en-su-mes-en-poder","status":"publish","type":"post","link":"https:\/\/2horizontes.com\/?p=44780","title":{"rendered":"Presidente haitiano, satisfecho por estabilidad vive pa\u00eds en su mes en poder"},"content":{"rendered":"<div id=\"ArticleAuthorDiv\" class=\"article-body-author\"><b>EFE<\/b><\/div>\n<div id=\"ArticleSourceDiv\" class=\"article-body-author\"><b>Puerto Pr\u00edncipe<\/b><\/div>\n<div id=\"ArticleBody\">\n<p>El presidente de Hait\u00ed, Jocelerme Privert, se mostr\u00f3 satisfecho por la estabilidad pol\u00edtica que, a su juicio, vive el pa\u00eds desde que tom\u00f3 posesi\u00f3n el pasado 14 de febrero, y destac\u00f3 hoy los esfuerzos que est\u00e1 realizando para sacarlo de la crisis pol\u00edtica y electoral que vive desde el a\u00f1o pasado.<\/p>\n<p>En una alocuci\u00f3n retransmitida esta noche a trav\u00e9s de la Televisi\u00f3n Nacional haitiana, el mandatario hizo balance de su gesti\u00f3n, al cumplirse un mes desde que accediera a la Presidencia.<\/p>\n<p>\u00abQuiero felicitar a todos por su aporte a la estabilidad pol\u00edtica desde mi llegada al poder hace un mes. Hoy estamos aqu\u00ed para trabajar para solucionar la crisis\u00bb se\u00f1al\u00f3.<\/p>\n<p>Durante su discurso, Privert llamo a todos los parlamentarios a votar en favor del programa de gobierno del primer ministro, Fritz Jean, para facilitar as\u00ed una soluci\u00f3n a la crisis y avanzar hacia las elecciones, previstas para pr\u00f3ximo 24 de abril.<\/p>\n<p>\u00abEs importante que trabajemos juntos, porque tenemos muchos desaf\u00edos, tenemos problemas por el c\u00f3lera y el zika, as\u00ed como por la inflaci\u00f3n y la inseguridad. Tenemos la obligaci\u00f3n de mejorar la situaci\u00f3n\u00bb.<\/p>\n<p>Asimismo, se refiri\u00f3 a los problemas derivados de la sequ\u00eda, y asegur\u00f3 que \u00abtenemos en marcha un plan para contribuir a una mejora de la situaci\u00f3n\u00bb.<\/p>\n<p>Tambi\u00e9n \u00abestamos desarrollando trabajos para prestar ayuda a las v\u00edctimas de las inundaciones\u00bb que afectaron al norte del pa\u00eds, y responder a los problemas de los afectados.<\/p>\n<p>Por otra parte, Privert aludi\u00f3 al acuerdo con Petro Caribe, con la que el Estado haitiano tiene una deuda de m\u00e1s de 90 millones de d\u00f3lares, y con la que ha acumulado un atraso de ocho meses en el pago de la misma.<\/p>\n<p>\u00abTenemos muchas deudas y vamos a tener que hacer nuestro trabajo. Por una mala gesti\u00f3n, el Estado no tiene dinero para responder a sus obligaciones. Vamos a discutir con el gobierno de Venezuela para buscar un acuerdo\u00bb, se\u00f1al\u00f3 en este sentido.<\/p>\n<p>El presidente insisti\u00f3 en su llamado a los parlamentarios para voten a favor para dotar al pa\u00eds de un gobierno, porque \u00abtenemos un pa\u00eds bloqueado y, para avanzar, tenemos que desbloquearlo\u00bb, dijo Priver, que tambi\u00e9n inst\u00f3 a \u00abtrabajar para la paz y a que todos jueguen su papel para que en 120 d\u00edas hay un otro presidente leg\u00edtimo en el poder.\u00bb<\/p>\n<p>Privert, que era titular del Senado, accedi\u00f3 a la Presidencia una semana despu\u00e9s de que el expresidente Michel Martelly concluyera su mandato, el 7 de febrero, sin que se hubiese elegido a su sucesor y, a d\u00eda de hoy, no se ha instalado el Gobierno provisional ni el Consejo Electoral Provisional (CEP), encargado del montaje de los comicios.<\/p>\n<p>La naci\u00f3n ten\u00eda previsto celebrar el 24 de enero pasado la segunda vuelta de las presidenciales, pero fueron aplazadas dos d\u00edas antes por el CEP debido al deterioro de la seguridad y las amenazas de muerte contra casi todos los miembros de ese organismo.<\/p>\n<p>La primera ronda de las votaciones se celebr\u00f3 el 25 de octubre de 2015 y en ella los candidatos m\u00e1s votados fueron el oficialista Jovenel Moise y el opositor Jude Celestin, quien rechaz\u00f3 esos resultados por considerarlos fraudulentos.<\/p>\n<\/div>\n","protected":false},"excerpt":{"rendered":"<p>EFE Puerto Pr\u00edncipe El presidente de Hait\u00ed, Jocelerme Privert, se mostr\u00f3 satisfecho por la estabilidad pol\u00edtica que, a su juicio, vive el pa\u00eds desde que tom\u00f3 posesi\u00f3n el pasado 14 de febrero, y destac\u00f3 hoy los esfuerzos que est\u00e1 realizando para sacarlo de la crisis pol\u00edtica y electoral que vive desde el a\u00f1o pasado. En [&hellip;]<\/p>\n","protected":false},"author":7,"featured_media":44781,"comment_status":"open","ping_status":"open","sticky":false,"template":"","format":"standard","meta":{"footnotes":""},"categories":[47,40,43],"tags":[],"class_list":["post-44780","post","type-post","status-publish","format-standard","has-post-thumbnail","hentry","category-haiti","category-internacionales","category-politica"],"_links":{"self":[{"href":"https:\/\/2horizontes.com\/index.php?rest_route=\/wp\/v2\/posts\/44780","targetHints":{"allow":["GET"]}}],"collection":[{"href":"https:\/\/2horizontes.com\/index.php?rest_route=\/wp\/v2\/posts"}],"about":[{"href":"https:\/\/2horizontes.com\/index.php?rest_route=\/wp\/v2\/types\/post"}],"author":[{"embeddable":true,"href":"https:\/\/2horizontes.com\/index.php?rest_route=\/wp\/v2\/users\/7"}],"replies":[{"embeddable":true,"href":"https:\/\/2horizontes.com\/index.php?rest_route=%2Fwp%2Fv2%2Fcomments&post=44780"}],"version-history":[{"count":1,"href":"https:\/\/2horizontes.com\/index.php?rest_route=\/wp\/v2\/posts\/44780\/revisions"}],"predecessor-version":[{"id":44782,"href":"https:\/\/2horizontes.com\/index.php?rest_route=\/wp\/v2\/posts\/44780\/revisions\/44782"}],"wp:featuredmedia":[{"embeddable":true,"href":"https:\/\/2horizontes.com\/index.php?rest_route=\/wp\/v2\/media\/44781"}],"wp:attachment":[{"href":"https:\/\/2horizontes.com\/index.php?rest_route=%2Fwp%2Fv2%2Fmedia&parent=44780"}],"wp:term":[{"taxonomy":"category","embeddable":true,"href":"https:\/\/2horizontes.com\/index.php?rest_route=%2Fwp%2Fv2%2Fcategories&post=44780"},{"taxonomy":"post_tag","embeddable":true,"href":"https:\/\/2horizontes.com\/index.php?rest_route=%2Fwp%2Fv2%2Ftags&post=44780"}],"curies":[{"name":"wp","href":"https:\/\/api.w.org\/{rel}","templated":true}]}}