{"id":44774,"date":"2016-03-14T13:50:40","date_gmt":"2016-03-14T12:50:40","guid":{"rendered":"http:\/\/2horizontes.com\/?p=44774"},"modified":"2016-03-14T13:50:40","modified_gmt":"2016-03-14T12:50:40","slug":"bernie-sanders-tacha-a-donald-trump-de-mentiroso-patologico","status":"publish","type":"post","link":"https:\/\/2horizontes.com\/?p=44774","title":{"rendered":"Bernie Sanders tacha a Donald Trump de \u00abmentiroso patol\u00f3gico\u00bb"},"content":{"rendered":"<div id=\"ArticleAuthorDiv\" class=\"article-body-author\"><b>EFE<\/b><\/div>\n<div id=\"ArticleSourceDiv\" class=\"article-body-author\"><b>Washington<\/b><\/div>\n<div id=\"ArticleBody\">\n<p>El precandidato dem\u00f3crata a la Casa Blanca Bernie Sanders tach\u00f3 hoy de \u00abmentiroso patol\u00f3gico\u00bb al magnate Donald Trump, favorito para lograr la nominaci\u00f3n del Partido Republicano a la Presidencia de EEUU.<\/p>\n<p>\u00abOdio decir esto, porque no me gusta menospreciar a un funcionario p\u00fablico, pero Donald Trump es un mentiroso patol\u00f3gico\u00bb, afirm\u00f3 el senador por Vermont.<\/p>\n<p>Sanders, que compite con Hillary Clinton por la nominaci\u00f3n presidencial dem\u00f3crata, pronunci\u00f3 esas palabras en un foro de preguntas ciudadanas organizado por la cadena televisiva CNN en Ohio, uno de los estados que el pr\u00f3ximo martes celebra elecciones primarias para elegir al candidato a la Casa Blanca.<\/p>\n<p>El veterano senador, que se considera un socialista democr\u00e1tico, respondi\u00f3 as\u00ed a las acusaciones de Trump de que sus seguidores formaron parte de la manifestaci\u00f3n que el pasado viernes oblig\u00f3 al empresario a cancelar un mitin electoral en Chicago.<\/p>\n<p>Cinco personas fueron detenidas y dos agentes de polic\u00eda resultaron heridos en Chicago debido a los altercados entre admiradores del multimillonario y manifestantes contrarios al magnate inmobiliario.<\/p>\n<p>Sanders afirm\u00f3 hoy que Trump \u00abest\u00e1 literalmente incitando a la violencia con estos seguidores\u00bb, en alusi\u00f3n a unos comentarios del aspirante republicano en los que suger\u00eda que est\u00e1 dispuesto a pagar los costes legales de aquellos adeptos suyos que agredan a los manifestantes que tratan de interrumpir sus actos electorales.<\/p>\n<p>\u00ab\u00c9l est\u00e1 diciendo &#8216;si sales y agredes a alguien, eso est\u00e1 bien, yo pagar\u00e9 las costas&#8217;. Eso es una salvajada y espero que el se\u00f1or Trump rebaje el tono\u00bb, subray\u00f3 el senador.<\/p>\n<p>En su opini\u00f3n, el magnate \u00abdeber\u00eda decirle a sus seguidores que la violencia no es aceptable en el proceso pol\u00edtico americano (estadounidense)\u00bb.<\/p>\n<p>El magnate inmobiliario, que lidera la campa\u00f1a republicana con un discurso populista, xen\u00f3fobo y nacionalista, ha defendido con rotundidad a sus admiradores, sin condenar sus actos violentos, lo que le ha granjeado duras cr\u00edticas de sus rivales en la carrera presidencial, tanto dem\u00f3cratas como conservadores.<\/p>\n<p>\u00abMi gente es fant\u00e1stica. La gente que hab\u00eda all\u00ed no caus\u00f3 ning\u00fan problema\u00bb, afirm\u00f3 Trump este s\u00e1bado en referencia al mitin anulado en Chicago, al describir la manifestaci\u00f3n como un \u00abataque planeado\u00bb.<\/p>\n<p>El multimillonario volvi\u00f3 hoy a culpar a Sanders de enviar manifestantes al acto electoral del viernes e incluso profiri\u00f3 una amenaza en la red social Twitter: \u00abTen cuidado Bernie -escribi\u00f3-, o mis seguidores ir\u00e1n a los tuyos (m\u00edtines)\u00bb.<\/p>\n<p>Trump tambi\u00e9n ha asegurado que entre los manifestantes hab\u00eda seguidores de Hillary Clinton, quien hoy acus\u00f3 al empresario en el foro de la CNN de dirigir \u00abuna campa\u00f1a muy c\u00ednica, enfrentando a unos grupos contra otros\u00bb.<\/p>\n<p>\u00ab\u00c9l est\u00e1 traficando con odio y miedo, est\u00e1 jugando con nuestros peores instintos\u00bb, asever\u00f3 la ex secretaria de Estado, al enfatizar que Trump \u00abes responsable de lo que ocurre en sus actos\u00bb, pues \u00abno s\u00f3lo incita a la violencia, sino que la aplaude\u00bb.<\/p>\n<p>Los altercados de Chicago engrosan una larga lista de agresiones ocurridas en m\u00edtines y actos de campa\u00f1a celebrados por Donald Trump.<\/p>\n<p>Este viernes, una reportera del portal de noticias Breitbart denunci\u00f3 por agresi\u00f3n a Corey Lewandowski, responsable de campa\u00f1a de Trump, quien supuestamente le agarr\u00f3 de la mu\u00f1eca con fuerza y la apart\u00f3 cuando ella pretend\u00eda hacer una pregunta al empresario.<\/p>\n<p>El pasado mi\u00e9rcoles en Carolina del Norte, un asistente a un mitin del otrora presentador del programa televisivo \u00abThe Apprentice\u00bb (\u00abEl Aprendiz\u00bb) golpe\u00f3 en la cara a un manifestante negro despu\u00e9s de que \u00e9ste interrumpiera el evento a gritos.<\/p>\n<\/div>\n","protected":false},"excerpt":{"rendered":"<p>EFE Washington El precandidato dem\u00f3crata a la Casa Blanca Bernie Sanders tach\u00f3 hoy de \u00abmentiroso patol\u00f3gico\u00bb al magnate Donald Trump, favorito para lograr la nominaci\u00f3n del Partido Republicano a la Presidencia de EEUU. \u00abOdio decir esto, porque no me gusta menospreciar a un funcionario p\u00fablico, pero Donald Trump es un mentiroso patol\u00f3gico\u00bb, afirm\u00f3 el senador [&hellip;]<\/p>\n","protected":false},"author":7,"featured_media":44775,"comment_status":"open","ping_status":"open","sticky":false,"template":"","format":"standard","meta":{"footnotes":""},"categories":[40],"tags":[],"class_list":["post-44774","post","type-post","status-publish","format-standard","has-post-thumbnail","hentry","category-internacionales"],"_links":{"self":[{"href":"https:\/\/2horizontes.com\/index.php?rest_route=\/wp\/v2\/posts\/44774","targetHints":{"allow":["GET"]}}],"collection":[{"href":"https:\/\/2horizontes.com\/index.php?rest_route=\/wp\/v2\/posts"}],"about":[{"href":"https:\/\/2horizontes.com\/index.php?rest_route=\/wp\/v2\/types\/post"}],"author":[{"embeddable":true,"href":"https:\/\/2horizontes.com\/index.php?rest_route=\/wp\/v2\/users\/7"}],"replies":[{"embeddable":true,"href":"https:\/\/2horizontes.com\/index.php?rest_route=%2Fwp%2Fv2%2Fcomments&post=44774"}],"version-history":[{"count":1,"href":"https:\/\/2horizontes.com\/index.php?rest_route=\/wp\/v2\/posts\/44774\/revisions"}],"predecessor-version":[{"id":44776,"href":"https:\/\/2horizontes.com\/index.php?rest_route=\/wp\/v2\/posts\/44774\/revisions\/44776"}],"wp:featuredmedia":[{"embeddable":true,"href":"https:\/\/2horizontes.com\/index.php?rest_route=\/wp\/v2\/media\/44775"}],"wp:attachment":[{"href":"https:\/\/2horizontes.com\/index.php?rest_route=%2Fwp%2Fv2%2Fmedia&parent=44774"}],"wp:term":[{"taxonomy":"category","embeddable":true,"href":"https:\/\/2horizontes.com\/index.php?rest_route=%2Fwp%2Fv2%2Fcategories&post=44774"},{"taxonomy":"post_tag","embeddable":true,"href":"https:\/\/2horizontes.com\/index.php?rest_route=%2Fwp%2Fv2%2Ftags&post=44774"}],"curies":[{"name":"wp","href":"https:\/\/api.w.org\/{rel}","templated":true}]}}