{"id":44736,"date":"2016-03-12T22:28:04","date_gmt":"2016-03-12T21:28:04","guid":{"rendered":"http:\/\/2horizontes.com\/?p=44736"},"modified":"2016-03-12T22:28:04","modified_gmt":"2016-03-12T21:28:04","slug":"argentina-lanza-una-campana-por-la-visibilidad-lesbica","status":"publish","type":"post","link":"https:\/\/2horizontes.com\/?p=44736","title":{"rendered":"Argentina lanza una campa\u00f1a por la visibilidad l\u00e9sbica"},"content":{"rendered":"<p>En el D\u00eda Provincial de la Visibilidad l\u00e9sbica, la Subsecretar\u00eda de Pol\u00edticas de Diversidad Sexual, \u00e1rea dependiente del Ministerio de Desarrollo Social del Gobierno de Santa Fe adem\u00e1s de la Secretar\u00eda de Comunicaci\u00f3n Social, han lanzado una campa\u00f1a en la que se estaba buscando la promoci\u00f3n de los derechos de las lesbianas, el respeto y la seguridad para el colectivo.<\/p>\n<p>Conocernos m\u00e1s, nos ayuda a entendernos mejor\u00bb es el nombre que recib\u00eda dicha campa\u00f1a que se lanz\u00f3 el pasado 7 de marzo y que estaba compuesta por dos carteles y dos vi\u00f1etas que pretend\u00edan informar y sensibilizar acerca de la necesidad de garantizar el acceso pleno a la salud sexual dando as\u00ed, mucha mayor visibilidad.<\/p>\n<p>Campa\u00f1a Visibilidad Lesbica (Cartel) &#8211; Foto: Uso permitido<\/p>\n<p>En este cartel se ve c\u00f3mo una pareja de lesbianas acude para pedir cita de una revisi\u00f3n ginecol\u00f3gica. D\u00f3nde adem\u00e1s, vemos c\u00f3mo la doctora les est\u00e1 explicando que los riesgos de infecci\u00f3n son los mismos con independencia de la orientaci\u00f3n sexual de cada individuo.<\/p>\n<p>Este unto resulta muy interesante para la falsa creencia que existe en algunas partes de que las lesbianas est\u00e1n libres de contraer el virus del VIH, por ejemplo.<\/p>\n<p>Por su parte, en este otro cartel vemos c\u00f3mo una pareja de chicas entra a consulta para informarse de los tratamientos de reproducci\u00f3n y se denota las ganas que tienen ambas de ser madres. Desde aqu\u00ed se hace un llamamiento a la necesidad, igualmente que la anterior, de conocer las diferentes alternativas que hay para la maternidad.<\/p>\n<p>Esta nueva campa\u00f1a que ha lanzado la ciudad argentina de Santa Fe se suma a la gu\u00eda de \u00abAtenci\u00f3n Integral para lesbianas y mujeres bisexuales\u00bb y \u00abAcceso a la salud sexual y reproductiva de lesbianas y mujeres bisexuales\u00bb que se realiz\u00f3 el pasado lunes en el territorio.<\/p>\n","protected":false},"excerpt":{"rendered":"<p>En el D\u00eda Provincial de la Visibilidad l\u00e9sbica, la Subsecretar\u00eda de Pol\u00edticas de Diversidad Sexual, \u00e1rea dependiente del Ministerio de Desarrollo Social del Gobierno de Santa Fe adem\u00e1s de la Secretar\u00eda de Comunicaci\u00f3n Social, han lanzado una campa\u00f1a en la que se estaba buscando la promoci\u00f3n de los derechos de las lesbianas, el respeto y [&hellip;]<\/p>\n","protected":false},"author":3,"featured_media":44737,"comment_status":"open","ping_status":"open","sticky":false,"template":"","format":"standard","meta":{"footnotes":""},"categories":[57],"tags":[],"class_list":["post-44736","post","type-post","status-publish","format-standard","has-post-thumbnail","hentry","category-mundo-gay"],"_links":{"self":[{"href":"https:\/\/2horizontes.com\/index.php?rest_route=\/wp\/v2\/posts\/44736","targetHints":{"allow":["GET"]}}],"collection":[{"href":"https:\/\/2horizontes.com\/index.php?rest_route=\/wp\/v2\/posts"}],"about":[{"href":"https:\/\/2horizontes.com\/index.php?rest_route=\/wp\/v2\/types\/post"}],"author":[{"embeddable":true,"href":"https:\/\/2horizontes.com\/index.php?rest_route=\/wp\/v2\/users\/3"}],"replies":[{"embeddable":true,"href":"https:\/\/2horizontes.com\/index.php?rest_route=%2Fwp%2Fv2%2Fcomments&post=44736"}],"version-history":[{"count":1,"href":"https:\/\/2horizontes.com\/index.php?rest_route=\/wp\/v2\/posts\/44736\/revisions"}],"predecessor-version":[{"id":44738,"href":"https:\/\/2horizontes.com\/index.php?rest_route=\/wp\/v2\/posts\/44736\/revisions\/44738"}],"wp:featuredmedia":[{"embeddable":true,"href":"https:\/\/2horizontes.com\/index.php?rest_route=\/wp\/v2\/media\/44737"}],"wp:attachment":[{"href":"https:\/\/2horizontes.com\/index.php?rest_route=%2Fwp%2Fv2%2Fmedia&parent=44736"}],"wp:term":[{"taxonomy":"category","embeddable":true,"href":"https:\/\/2horizontes.com\/index.php?rest_route=%2Fwp%2Fv2%2Fcategories&post=44736"},{"taxonomy":"post_tag","embeddable":true,"href":"https:\/\/2horizontes.com\/index.php?rest_route=%2Fwp%2Fv2%2Ftags&post=44736"}],"curies":[{"name":"wp","href":"https:\/\/api.w.org\/{rel}","templated":true}]}}