{"id":44733,"date":"2016-03-12T22:21:10","date_gmt":"2016-03-12T21:21:10","guid":{"rendered":"http:\/\/2horizontes.com\/?p=44733"},"modified":"2016-03-12T22:21:10","modified_gmt":"2016-03-12T21:21:10","slug":"desmienten-la-muerte-de-pedro-almodovar","status":"publish","type":"post","link":"https:\/\/2horizontes.com\/?p=44733","title":{"rendered":"Desmienten la muerte de Pedro Almod\u00f3var"},"content":{"rendered":"<p>Pedro Almod\u00f3var desmiente el rumor sobre su muerte\u201d, fue el texto del tuit que public\u00f3 Agust\u00edn Almod\u00f3var para aclarar la noticia que hab\u00eda trascendido en las redes sociales.<\/p>\n<p>Y es que las redes sociales son un arma de doble filo. Pueden servir para informar al instante de una noticia, pero tambi\u00e9n para desinformar.<\/p>\n<p>En este caso, la v\u00edctima fue el realizador machengo, de quien trascendi\u00f3 que hab\u00eda fallecido, con un grupo de Facebook creado adem\u00e1s. El grupo consigui\u00f3 1 mill\u00f3n de \u201clikes\u201d y dec\u00eda: \u201cEl jueves (10 de marzo), aproximadamente a las 11 a.m.<\/p>\n<p>PDT, nuestro amado director falleci\u00f3. Pedro Almod\u00f3var naci\u00f3 el 24 de septiembre de 1949 en Calzada de Calatrava. Lo vamos a extra\u00f1ar, pero nunca lo vamos a olvidar. Por favor mostrad vuestra simpat\u00eda y condolencias a trav\u00e9s de comentarios en esta p\u00e1gina\u201d.<\/p>\n<p>Fue entonces su propio hermano Agust\u00edn quien public\u00f3 una foto de Pedro junto para aclarar la situaci\u00f3n.<\/p>\n","protected":false},"excerpt":{"rendered":"<p>Pedro Almod\u00f3var desmiente el rumor sobre su muerte\u201d, fue el texto del tuit que public\u00f3 Agust\u00edn Almod\u00f3var para aclarar la noticia que hab\u00eda trascendido en las redes sociales. Y es que las redes sociales son un arma de doble filo. Pueden servir para informar al instante de una noticia, pero tambi\u00e9n para desinformar. En este [&hellip;]<\/p>\n","protected":false},"author":3,"featured_media":44734,"comment_status":"open","ping_status":"open","sticky":false,"template":"","format":"standard","meta":{"footnotes":""},"categories":[85,57],"tags":[],"class_list":["post-44733","post","type-post","status-publish","format-standard","has-post-thumbnail","hentry","category-espana","category-mundo-gay"],"_links":{"self":[{"href":"https:\/\/2horizontes.com\/index.php?rest_route=\/wp\/v2\/posts\/44733","targetHints":{"allow":["GET"]}}],"collection":[{"href":"https:\/\/2horizontes.com\/index.php?rest_route=\/wp\/v2\/posts"}],"about":[{"href":"https:\/\/2horizontes.com\/index.php?rest_route=\/wp\/v2\/types\/post"}],"author":[{"embeddable":true,"href":"https:\/\/2horizontes.com\/index.php?rest_route=\/wp\/v2\/users\/3"}],"replies":[{"embeddable":true,"href":"https:\/\/2horizontes.com\/index.php?rest_route=%2Fwp%2Fv2%2Fcomments&post=44733"}],"version-history":[{"count":1,"href":"https:\/\/2horizontes.com\/index.php?rest_route=\/wp\/v2\/posts\/44733\/revisions"}],"predecessor-version":[{"id":44735,"href":"https:\/\/2horizontes.com\/index.php?rest_route=\/wp\/v2\/posts\/44733\/revisions\/44735"}],"wp:featuredmedia":[{"embeddable":true,"href":"https:\/\/2horizontes.com\/index.php?rest_route=\/wp\/v2\/media\/44734"}],"wp:attachment":[{"href":"https:\/\/2horizontes.com\/index.php?rest_route=%2Fwp%2Fv2%2Fmedia&parent=44733"}],"wp:term":[{"taxonomy":"category","embeddable":true,"href":"https:\/\/2horizontes.com\/index.php?rest_route=%2Fwp%2Fv2%2Fcategories&post=44733"},{"taxonomy":"post_tag","embeddable":true,"href":"https:\/\/2horizontes.com\/index.php?rest_route=%2Fwp%2Fv2%2Ftags&post=44733"}],"curies":[{"name":"wp","href":"https:\/\/api.w.org\/{rel}","templated":true}]}}