{"id":44724,"date":"2016-03-12T21:53:42","date_gmt":"2016-03-12T20:53:42","guid":{"rendered":"http:\/\/2horizontes.com\/?p=44724"},"modified":"2016-03-12T21:53:42","modified_gmt":"2016-03-12T20:53:42","slug":"un-muerto-y-un-herido-grave-en-tiroteo-en-una-peluqueria-de-madrid","status":"publish","type":"post","link":"https:\/\/2horizontes.com\/?p=44724","title":{"rendered":"Un muerto y un herido grave en tiroteo en una peluquer\u00eda de Madrid"},"content":{"rendered":"<p>Un hombre de 41 a\u00f1os ha fallecido y otro de 44 ha resultado herido grave a consecuencia de un tiroteo ocurrido esta noche en una peluquer\u00eda de la calle de Costa Rica n\u00famero 13, de Madrid, donde han entrado cuatro individuos y dispararon a las dos v\u00edctimas, que se encontraban dentro del establecimiento.<\/p>\n<p>Seg\u00fan han informado a Efe fuentes de la Jefatura Superior de Polic\u00eda, el suceso ha tenido lugar sobre las 22,30 horas del viernes cuando, al parecer, cuatro individuos han entrado en la peluquer\u00eda y han disparado a los dos hombres.<\/p>\n<p>Uno de ellos ha fallecido como consecuencia de una herida por arma de fuego en el cr\u00e1neo, mientras que el otro ha resultado herido de gravedad, tambi\u00e9n por arma de fuego, en el hemit\u00f3rax y ha sido trasladado al Hospital de La Paz en estado estable, seg\u00fan el Samur.<\/p>\n<p>Un portavoz de la Polic\u00eda ha informado de que los cuatro agresores han huido del lugar en un veh\u00edculo y que a\u00fan no han sido localizados ni identificados.<\/p>\n<p>Fuentes de Emergencias del Ayuntamiento de Madrid han contado que a su llegada, las asistencias de Samur-Protecci\u00f3n Civil han confirmado la muerte del hombre de 41 a\u00f1os, de nacionalidad colombiana, por herida en el cr\u00e1neo por arma de fuego, que se encuentra tendido en el suelo de la peluquer\u00eda a la espera de la llegada del juez de guardia.<\/p>\n<p>Las asistencias han atendido al otro hombre de 44 a\u00f1os, tambi\u00e9n de nacionalidad colombiana, por una herida por arma de fuego en el abdomen con orificios de entrada y salida. La v\u00edctima se encontraba en la calle y consciente y ha sido trasladada al hospital La Paz con pron\u00f3stico reservado pero estable.<\/p>\n<p>As\u00ed mismo, un psic\u00f3logo de Samur-Protecci\u00f3n Civil ha atendido a una mujer de 32 a\u00f1os, pareja del fallecido, en estado de shock.<\/p>\n","protected":false},"excerpt":{"rendered":"<p>Un hombre de 41 a\u00f1os ha fallecido y otro de 44 ha resultado herido grave a consecuencia de un tiroteo ocurrido esta noche en una peluquer\u00eda de la calle de Costa Rica n\u00famero 13, de Madrid, donde han entrado cuatro individuos y dispararon a las dos v\u00edctimas, que se encontraban dentro del establecimiento. Seg\u00fan han [&hellip;]<\/p>\n","protected":false},"author":3,"featured_media":44725,"comment_status":"open","ping_status":"open","sticky":false,"template":"","format":"standard","meta":{"footnotes":""},"categories":[85],"tags":[],"class_list":["post-44724","post","type-post","status-publish","format-standard","has-post-thumbnail","hentry","category-espana"],"_links":{"self":[{"href":"https:\/\/2horizontes.com\/index.php?rest_route=\/wp\/v2\/posts\/44724","targetHints":{"allow":["GET"]}}],"collection":[{"href":"https:\/\/2horizontes.com\/index.php?rest_route=\/wp\/v2\/posts"}],"about":[{"href":"https:\/\/2horizontes.com\/index.php?rest_route=\/wp\/v2\/types\/post"}],"author":[{"embeddable":true,"href":"https:\/\/2horizontes.com\/index.php?rest_route=\/wp\/v2\/users\/3"}],"replies":[{"embeddable":true,"href":"https:\/\/2horizontes.com\/index.php?rest_route=%2Fwp%2Fv2%2Fcomments&post=44724"}],"version-history":[{"count":1,"href":"https:\/\/2horizontes.com\/index.php?rest_route=\/wp\/v2\/posts\/44724\/revisions"}],"predecessor-version":[{"id":44726,"href":"https:\/\/2horizontes.com\/index.php?rest_route=\/wp\/v2\/posts\/44724\/revisions\/44726"}],"wp:featuredmedia":[{"embeddable":true,"href":"https:\/\/2horizontes.com\/index.php?rest_route=\/wp\/v2\/media\/44725"}],"wp:attachment":[{"href":"https:\/\/2horizontes.com\/index.php?rest_route=%2Fwp%2Fv2%2Fmedia&parent=44724"}],"wp:term":[{"taxonomy":"category","embeddable":true,"href":"https:\/\/2horizontes.com\/index.php?rest_route=%2Fwp%2Fv2%2Fcategories&post=44724"},{"taxonomy":"post_tag","embeddable":true,"href":"https:\/\/2horizontes.com\/index.php?rest_route=%2Fwp%2Fv2%2Ftags&post=44724"}],"curies":[{"name":"wp","href":"https:\/\/api.w.org\/{rel}","templated":true}]}}