{"id":44608,"date":"2016-03-11T17:54:19","date_gmt":"2016-03-11T16:54:19","guid":{"rendered":"http:\/\/2horizontes.com\/?p=44608"},"modified":"2016-03-11T17:54:19","modified_gmt":"2016-03-11T16:54:19","slug":"denis-suarez-volvera-al-barca-en-verano","status":"publish","type":"post","link":"https:\/\/2horizontes.com\/?p=44608","title":{"rendered":"Denis Su\u00e1rez volver\u00e1 al Bar\u00e7a en verano"},"content":{"rendered":"<p>Robert Fern\u00e1ndez concedi\u00f3 una entrevista a \u2018Estudio Estadio\u2019 donde repas\u00f3 la actualidad barcelonista. El secretario t\u00e9cnico del Bar\u00e7a valor\u00f3 el futuro de la m\u00e1xima estrella azulgrana y confirm\u00f3 que vestir\u00e1 de azulgrana por muchos a\u00f1os: \u201cseguro que Messi estar\u00e1 para el estreno del nuevo Camp Nou.<\/p>\n<p>De esta manera confirmar\u00eda la renovaci\u00f3n de contrato del argentino que expira en junio de 2018, alargando como m\u00ednimo hasta los 34 a\u00f1os su etapa como barcelonista. Pese a ello sabe que el final de la carrera de Messi est\u00e1 en sus botas: \u201cacabar\u00e1 cuando y donde quiera.<\/p>\n<p>Fern\u00e1ndez se refiri\u00f3 a \u00e9l como \u201cel mejor jugador de la historia\u201d y destac\u00f3 su \u201chumildad\u201d y su \u201cinteligencia fuera de lo normal\u201d.<\/p>\n<p>El secretario t\u00e9cnico del Bar\u00e7a tranquiliz\u00f3 a la afici\u00f3n cul\u00e9 y descart\u00f3 cualquier salida del club de Neymar: \u201cdigo tajantemente que va a continuar en el Bar\u00e7a. Me preocupar\u00eda que no estuviera feliz pero no es as\u00ed.<\/p>\n<p>Sobre la posibilidad de que el brasile\u00f1o dispute la Copa Am\u00e9rica y los Juegos Ol\u00edmpicos, Fern\u00e1ndez ha opinado que se har\u00e1 lo \u201cmejor para el club\u201d.Del mismo modo que el delantero, el secretario t\u00e9cnico ha explicado que \u201cno tiene ninguna duda\u201d sobre la continuidad de Busquets y que la renovaci\u00f3n acabar\u00e1 llegando.<\/p>\n<p>El dirigente del Bar\u00e7a ha valorado tambi\u00e9n las posibles incorporaciones recordando que hay \u201cequipo con un recorrido para a\u00f1os\u201d y que es dif\u00edcil mejorar la plantilla. Fern\u00e1ndez ha recordado que el Bar\u00e7a \u201ctiene el dinero adecuado para competir con el mercado\u201d y por ello le permitir\u00e1 aspirar a cualquier jugador que necesite.<\/p>\n<p>Fen\u00e1ndez no concret\u00f3 las posiciones urgentes a reforzar aunque destac\u00f3 dos l\u00edneas del equipo: \u201cpuede ser que busquemos defensas y delanteros\u201d.<\/p>\n<p>Preguntado por las cesiones, Fern\u00e1ndez cree que el jugador del Villarreal, Denis Su\u00e1rez cuenta con muchas opciones de enfundarse la camiseta del Bar\u00e7a la temporada que viene: \u201cprobablemente volver\u00e1 el pr\u00f3ximo verano.<\/p>\n<p>No fue tan tajante sobre Halilovic del que asegur\u00f3 que \u201cse valorar\u00e1 lo mejor para las dos partes\u201d. El secretario t\u00e9cnico a\u00f1adi\u00f3 adem\u00e1s que Samper puede emprender el mismo camino: \u201cposiblemente salga cedido al final de temporada\u201d.<\/p>\n<p>La presencia del responsable de fichajes del Bar\u00e7a, junto con Luis Enrique, sirvi\u00f3 tambi\u00e9n para recordar la frustrada operaci\u00f3n con el jugador del Celta, Nolito: \u201cno fich\u00f3 por el Bar\u00e7a porque la situaci\u00f3n no era favorable por los estatutos.<\/p>\n<p>Sobre la posibilidad que se reavive la opci\u00f3n de fichar al andaluz en el pr\u00f3ximo mercado de fichajes, Fern\u00e1ndez dej\u00f3 dudas: \u201cla situaci\u00f3n en verano es muy distinta\u201d.<\/p>\n<p>En el cap\u00edtulo de bajas un nombre propio destac\u00f3 por encima del resto, el de Marc Bartra, que pese a no confirmar su salida del club, Fern\u00e1ndez lo dej\u00f3 entrever: \u201ca veces la situaci\u00f3n obliga a decisiones complicadas.<\/p>\n<p>Cuando llegue el momento buscaremos lo mejor para el club y el jugador\u201d. En cuanto a otro de los defensas de la zaga azulgrana, el lateral Dani Alves, borr\u00f3 cualquier intenci\u00f3n del club de desprenderse de \u00e9l: \u201cno hemos recibido ofertas y no queremos venderle.<\/p>\n<p>Del mismo modo que con el brasile\u00f1o, el dirigente del Bar\u00e7a cerr\u00f3 la puerta a un traspaso para cualquiera de los dos porteros, Ter Stegen y Claudio Bravo.<\/p>\n<p>Fern\u00e1ndez tambi\u00e9n fue preguntado por el asunto de moda estos d\u00edas en el vestuario del Bar\u00e7a, la irrupci\u00f3n de Piqu\u00e9 con el Periscope: \u201cal final nos tendremos que ir acostumbrando a cosas que no ten\u00edamos. Me preocupan otras cosas que son mi responsabilidad, no esto de Piqu\u00e9. LaLiga deber\u00e1 regular estas cosas\u201d.<\/p>\n","protected":false},"excerpt":{"rendered":"<p>Robert Fern\u00e1ndez concedi\u00f3 una entrevista a \u2018Estudio Estadio\u2019 donde repas\u00f3 la actualidad barcelonista. El secretario t\u00e9cnico del Bar\u00e7a valor\u00f3 el futuro de la m\u00e1xima estrella azulgrana y confirm\u00f3 que vestir\u00e1 de azulgrana por muchos a\u00f1os: \u201cseguro que Messi estar\u00e1 para el estreno del nuevo Camp Nou. De esta manera confirmar\u00eda la renovaci\u00f3n de contrato del [&hellip;]<\/p>\n","protected":false},"author":3,"featured_media":44609,"comment_status":"open","ping_status":"open","sticky":false,"template":"","format":"standard","meta":{"footnotes":""},"categories":[42],"tags":[],"class_list":["post-44608","post","type-post","status-publish","format-standard","has-post-thumbnail","hentry","category-deportes"],"_links":{"self":[{"href":"https:\/\/2horizontes.com\/index.php?rest_route=\/wp\/v2\/posts\/44608","targetHints":{"allow":["GET"]}}],"collection":[{"href":"https:\/\/2horizontes.com\/index.php?rest_route=\/wp\/v2\/posts"}],"about":[{"href":"https:\/\/2horizontes.com\/index.php?rest_route=\/wp\/v2\/types\/post"}],"author":[{"embeddable":true,"href":"https:\/\/2horizontes.com\/index.php?rest_route=\/wp\/v2\/users\/3"}],"replies":[{"embeddable":true,"href":"https:\/\/2horizontes.com\/index.php?rest_route=%2Fwp%2Fv2%2Fcomments&post=44608"}],"version-history":[{"count":1,"href":"https:\/\/2horizontes.com\/index.php?rest_route=\/wp\/v2\/posts\/44608\/revisions"}],"predecessor-version":[{"id":44610,"href":"https:\/\/2horizontes.com\/index.php?rest_route=\/wp\/v2\/posts\/44608\/revisions\/44610"}],"wp:featuredmedia":[{"embeddable":true,"href":"https:\/\/2horizontes.com\/index.php?rest_route=\/wp\/v2\/media\/44609"}],"wp:attachment":[{"href":"https:\/\/2horizontes.com\/index.php?rest_route=%2Fwp%2Fv2%2Fmedia&parent=44608"}],"wp:term":[{"taxonomy":"category","embeddable":true,"href":"https:\/\/2horizontes.com\/index.php?rest_route=%2Fwp%2Fv2%2Fcategories&post=44608"},{"taxonomy":"post_tag","embeddable":true,"href":"https:\/\/2horizontes.com\/index.php?rest_route=%2Fwp%2Fv2%2Ftags&post=44608"}],"curies":[{"name":"wp","href":"https:\/\/api.w.org\/{rel}","templated":true}]}}