{"id":44584,"date":"2016-03-11T15:49:25","date_gmt":"2016-03-11T14:49:25","guid":{"rendered":"http:\/\/2horizontes.com\/?p=44584"},"modified":"2016-03-11T15:49:25","modified_gmt":"2016-03-11T14:49:25","slug":"museo-de-ee-uu-acogera-retrospectiva-sobre-oscar-de-la-renta","status":"publish","type":"post","link":"https:\/\/2horizontes.com\/?p=44584","title":{"rendered":"Museo de EE.UU. acoger\u00e1 retrospectiva sobre \u00d3scar de la Renta"},"content":{"rendered":"<div id=\"ArticleAuthorDiv\" class=\"article-body-author\"><b>EFE<\/b><\/div>\n<div id=\"ArticleSourceDiv\" class=\"article-body-author\"><b>San Francisco (EE.UU.)<\/b><\/div>\n<div id=\"ArticleBody\">\n<p>El Museo De Young de San Francisco (EE.UU.) acoger\u00e1 a partir de este s\u00e1bado una retrospectiva del fallecido modisto \u00d3scar de la Renta, que incluir\u00e1 130 de sus creaciones realizadas a lo largo de cinco d\u00e9cadas.<\/p>\n<p>\u00abLos dise\u00f1os de \u00d3scar de la Renta celebraban lo mejor de nosotros, la belleza, el optimismo, la confianza en uno mismo\u00bb, asegura el Museo De Young en el sitio web de la retrospectiva.<\/p>\n<p>El dise\u00f1ador de origen dominicano, que falleci\u00f3 en octubre de 2014 en su casa del estado de Connecticut (EE.UU.) tras varios a\u00f1os luchando contra el c\u00e1ncer, fue un ejemplo para otros dise\u00f1adores latinos y el \u00faltimo superviviente de una generaci\u00f3n de grandes creadores.<\/p>\n<p>La exhibici\u00f3n documentar\u00e1 su ascenso a la fama, empezando por Espa\u00f1a, donde realiz\u00f3 sus primeros trabajos, y despu\u00e9s durante sus a\u00f1os de formaci\u00f3n en las principales casas de moda del mundo.<\/p>\n<p>De la Renta se convertir\u00eda, con el paso de los a\u00f1os, en el dise\u00f1ador de algunas de las figuras m\u00e1s influyentes de los siglos XX y XXI.<\/p>\n<p>De madre dominicana con ra\u00edces hispanoitalianas y padre puertorrique\u00f1o, consider\u00f3 crucial para su imaginario el color, las flores y la luz del Caribe, aunque no tard\u00f3 en irse a Europa para formarse como artista.<\/p>\n<p>Aprendi\u00f3 de Crist\u00f3bal Balenciaga en Espa\u00f1a, trabaj\u00f3 para Lanvin en Par\u00eds y lleg\u00f3 a Nueva York a finales de los sesenta, trabajando para Elizabeth Arden.<\/p>\n<p>La retrospectiva en San Francisco comenzar\u00e1 con sus a\u00f1os en Espa\u00f1a en los 50, donde naci\u00f3 su pasi\u00f3n por la moda y desde donde saltar\u00eda a Nueva York en la d\u00e9cada de 1960.<\/p>\n<p>En los 70 dio a conocer su trabajo en Par\u00eds, desde donde conquist\u00f3 el mundo de la moda.<\/p>\n<p>\u00d3scar de la Renta celebr\u00f3 los 80 como la d\u00e9cada de la ropa opulenta por la que \u00e9l confesaba debilidad. Fueron a\u00f1os en los que el modisto se convirti\u00f3 en invitado habitual en las cenas de la Casa Blanca en Washington y en la que se impuso un \u00abglamur exuberante\u00bb.<\/p>\n<p>El modisto definir\u00eda los 90 como una d\u00e9cada de gente y ropa internacional, en la que se difuminaron las fronteras y en la que vivi\u00f3 con un pie en Nueva York y otro en Par\u00eds, donde se sum\u00f3 a la firma Pierre Balmain, con lo que se convirti\u00f3 en una especie de marca global.<\/p>\n<p>\u00abEl siglo XXI es el siglo de la mujer\u00bb, dir\u00eda \u00d3scar de la Renta con la llegada del nuevo siglo, que estren\u00f3 convertido en un icono, un dise\u00f1ador que visti\u00f3 a cuatro primeras damas estadounidenses: Betty Ford, Nancy Reagan, Hillary Clinton y Laura Bush, seg\u00fan recuerda el Museo de Young.<\/p>\n<p>La ahora candidata presidencial dem\u00f3crata, Hillary Clinton, se refiri\u00f3 a \u00e9l como \u00abun gran estadounidense y un gran amigo\u00bb.<\/p>\n<p>Para De la Renta lo importante en la vida fue la gente a la que quiso y el haber intentado vivir una buena vida, seg\u00fan sus propias palabras recogidas en la retrospectiva que se inaugurar\u00e1 el s\u00e1bado.<\/p>\n<\/div>\n","protected":false},"excerpt":{"rendered":"<p>EFE San Francisco (EE.UU.) El Museo De Young de San Francisco (EE.UU.) acoger\u00e1 a partir de este s\u00e1bado una retrospectiva del fallecido modisto \u00d3scar de la Renta, que incluir\u00e1 130 de sus creaciones realizadas a lo largo de cinco d\u00e9cadas. \u00abLos dise\u00f1os de \u00d3scar de la Renta celebraban lo mejor de nosotros, la belleza, el [&hellip;]<\/p>\n","protected":false},"author":7,"featured_media":44585,"comment_status":"open","ping_status":"open","sticky":false,"template":"","format":"standard","meta":{"footnotes":""},"categories":[62,1,40,52],"tags":[],"class_list":["post-44584","post","type-post","status-publish","format-standard","has-post-thumbnail","hentry","category-cultura","category-entretenimiento","category-internacionales","category-moda"],"_links":{"self":[{"href":"https:\/\/2horizontes.com\/index.php?rest_route=\/wp\/v2\/posts\/44584","targetHints":{"allow":["GET"]}}],"collection":[{"href":"https:\/\/2horizontes.com\/index.php?rest_route=\/wp\/v2\/posts"}],"about":[{"href":"https:\/\/2horizontes.com\/index.php?rest_route=\/wp\/v2\/types\/post"}],"author":[{"embeddable":true,"href":"https:\/\/2horizontes.com\/index.php?rest_route=\/wp\/v2\/users\/7"}],"replies":[{"embeddable":true,"href":"https:\/\/2horizontes.com\/index.php?rest_route=%2Fwp%2Fv2%2Fcomments&post=44584"}],"version-history":[{"count":1,"href":"https:\/\/2horizontes.com\/index.php?rest_route=\/wp\/v2\/posts\/44584\/revisions"}],"predecessor-version":[{"id":44586,"href":"https:\/\/2horizontes.com\/index.php?rest_route=\/wp\/v2\/posts\/44584\/revisions\/44586"}],"wp:featuredmedia":[{"embeddable":true,"href":"https:\/\/2horizontes.com\/index.php?rest_route=\/wp\/v2\/media\/44585"}],"wp:attachment":[{"href":"https:\/\/2horizontes.com\/index.php?rest_route=%2Fwp%2Fv2%2Fmedia&parent=44584"}],"wp:term":[{"taxonomy":"category","embeddable":true,"href":"https:\/\/2horizontes.com\/index.php?rest_route=%2Fwp%2Fv2%2Fcategories&post=44584"},{"taxonomy":"post_tag","embeddable":true,"href":"https:\/\/2horizontes.com\/index.php?rest_route=%2Fwp%2Fv2%2Ftags&post=44584"}],"curies":[{"name":"wp","href":"https:\/\/api.w.org\/{rel}","templated":true}]}}