{"id":44562,"date":"2016-03-11T15:32:10","date_gmt":"2016-03-11T14:32:10","guid":{"rendered":"http:\/\/2horizontes.com\/?p=44562"},"modified":"2016-03-11T15:32:10","modified_gmt":"2016-03-11T14:32:10","slug":"se-cumplen-doce-anos-de-los-atentados-del-11-m-en-madrid","status":"publish","type":"post","link":"https:\/\/2horizontes.com\/?p=44562","title":{"rendered":"Se cumplen doce a\u00f1os de los atentados del 11-M en Madrid"},"content":{"rendered":"<p>Doce a\u00f1os despu\u00e9s de los atentados del 11-M, asociaciones de v\u00edctimas, instituciones, agentes sociales y ciudadanos recuerdan este viernes en diferentes actos a los 193 fallecidos por la explosi\u00f3n de once bombas colocadas por una c\u00e9lula yihadista en cuatro trenes de Madrid el 11 de marzo de 2004.<\/p>\n<p>El primero ha tenido lugar en la Puerta del Sol, donde la presidenta de la Comunidad de Madrid, Cristina Cifuentes, y la alcaldesa de la capital, Manuela Carmena, acompa\u00f1adas del presidente del Gobierno en funciones, Mariano Rajoy.<\/p>\n<p>Ambas dirigentes han insistitdo en la importancia de estar juntas en este tipo de actos. Durante este emotivo acto, han querido recordar no s\u00f3lo a los fallecidos sino tambi\u00e9n a aquellos que trabajaron de forma desinteresada aquel d\u00eda para socorrer a las v\u00edctimas, tal y como recuerda una placa instalada en la entrada principal de la Real Casa de Correos.<\/p>\n<p>En este homenaje, durante dos minutos han repicado la campana de la torre del reloj de la Real Casa de Correos y las de todas las iglesias de la ciudad de Madrid.<\/p>\n<p>Por primera vez, han asistido a este acto representantes de las cuatro asociaciones de v\u00edctimas del terrorismo, no siempre unidas en los actos de conmemoraci\u00f3n de los tr\u00e1gicos atentados en que fallecieron 192 personas -la \u00faltima v\u00edctima, una joven que muri\u00f3 en 2014 tras permanecer en coma diez a\u00f1os- y el agente del GEO que muri\u00f3 en el piso de Legan\u00e9s (Madrid) donde siete terroristas se inmolaron.<\/p>\n<p>Una hora m\u00e1s tarde, a las diez de la ma\u00f1ana, en la estaci\u00f3n de Atocha, donde explosion\u00f3 uno de los trenes, y frente al monumento en recuerdo a las mismas, representantes madrile\u00f1os de los sindicatos CC.OO. y UGT, as\u00ed como la Uni\u00f3n de Actores y Actrices y la Asociaci\u00f3n 11-M Afectados por el Terrorismo, presidida por Pilar Manj\u00f3n, han protagonizado otro homenaje.<\/p>\n<p>En este acto han participado los l\u00edderes del PSOE, Pedro S\u00e1nchez, y de Podemos, Pablo Iglesias.<\/p>\n<p>Ya a medio d\u00eda en el parque del Retiro, la Asociaci\u00f3n de V\u00edctimas del Terrorismo (AVT) se ha brindar\u00e1 su tradicional homenaje junto a los 191 cipreses y olivos que componen el Bosque del Recuerdo, donde \u00c1ngeles Pedraza leer\u00e1 un manifiesto en defensa de la verdad, la justicia, la memoria y la dignidad.<\/p>\n<p>Despu\u00e9s se realizar\u00e1 una suelta de globos y, como cada a\u00f1o, se guardar\u00e1 un minuto de silencio y se har\u00e1 una ofrenda floral en la cima del Bosque.<\/p>\n","protected":false},"excerpt":{"rendered":"<p>Doce a\u00f1os despu\u00e9s de los atentados del 11-M, asociaciones de v\u00edctimas, instituciones, agentes sociales y ciudadanos recuerdan este viernes en diferentes actos a los 193 fallecidos por la explosi\u00f3n de once bombas colocadas por una c\u00e9lula yihadista en cuatro trenes de Madrid el 11 de marzo de 2004. El primero ha tenido lugar en la [&hellip;]<\/p>\n","protected":false},"author":3,"featured_media":44566,"comment_status":"open","ping_status":"open","sticky":false,"template":"","format":"standard","meta":{"footnotes":""},"categories":[85],"tags":[],"class_list":["post-44562","post","type-post","status-publish","format-standard","has-post-thumbnail","hentry","category-espana"],"_links":{"self":[{"href":"https:\/\/2horizontes.com\/index.php?rest_route=\/wp\/v2\/posts\/44562","targetHints":{"allow":["GET"]}}],"collection":[{"href":"https:\/\/2horizontes.com\/index.php?rest_route=\/wp\/v2\/posts"}],"about":[{"href":"https:\/\/2horizontes.com\/index.php?rest_route=\/wp\/v2\/types\/post"}],"author":[{"embeddable":true,"href":"https:\/\/2horizontes.com\/index.php?rest_route=\/wp\/v2\/users\/3"}],"replies":[{"embeddable":true,"href":"https:\/\/2horizontes.com\/index.php?rest_route=%2Fwp%2Fv2%2Fcomments&post=44562"}],"version-history":[{"count":1,"href":"https:\/\/2horizontes.com\/index.php?rest_route=\/wp\/v2\/posts\/44562\/revisions"}],"predecessor-version":[{"id":44567,"href":"https:\/\/2horizontes.com\/index.php?rest_route=\/wp\/v2\/posts\/44562\/revisions\/44567"}],"wp:featuredmedia":[{"embeddable":true,"href":"https:\/\/2horizontes.com\/index.php?rest_route=\/wp\/v2\/media\/44566"}],"wp:attachment":[{"href":"https:\/\/2horizontes.com\/index.php?rest_route=%2Fwp%2Fv2%2Fmedia&parent=44562"}],"wp:term":[{"taxonomy":"category","embeddable":true,"href":"https:\/\/2horizontes.com\/index.php?rest_route=%2Fwp%2Fv2%2Fcategories&post=44562"},{"taxonomy":"post_tag","embeddable":true,"href":"https:\/\/2horizontes.com\/index.php?rest_route=%2Fwp%2Fv2%2Ftags&post=44562"}],"curies":[{"name":"wp","href":"https:\/\/api.w.org\/{rel}","templated":true}]}}