{"id":44561,"date":"2016-03-11T15:31:08","date_gmt":"2016-03-11T14:31:08","guid":{"rendered":"http:\/\/2horizontes.com\/?p=44561"},"modified":"2016-03-11T15:31:08","modified_gmt":"2016-03-11T14:31:08","slug":"fiscalia-venezolana-confirma-identidad-de-16-de-los-mineros-desaparecidos","status":"publish","type":"post","link":"https:\/\/2horizontes.com\/?p=44561","title":{"rendered":"Fiscal\u00eda venezolana confirma identidad de 16 de los mineros desaparecidos"},"content":{"rendered":"<div id=\"ArticleAuthorDiv\" class=\"article-body-author\"><b>EFE<\/b><\/div>\n<div id=\"ArticleSourceDiv\" class=\"article-body-author\"><b>Caracas<\/b><\/div>\n<div id=\"ArticleBody\">\n<p>La Fiscal\u00eda venezolana inform\u00f3 ayer que ha confirmado la identidad hasta el momento de 16 de los 28 mineros que fueron reportados como desaparecidos en una poblaci\u00f3n del estado de Bol\u00edvar (sureste) y que presuntamente fueron asesinados.<\/p>\n<p>\u00abSe pudieron identificar a 16 de los presuntos desaparecidos de los hechos denunciados\u00bb, inform\u00f3 hoy el Ministerio P\u00fablico a trav\u00e9s de un comunicado en el que se\u00f1ala que lleg\u00f3 a esta cifra tras una veintena de entrevistas a familiares y testigos que reportan la desaparici\u00f3n de personas allegadas en los alrededores de una mina del estado Bol\u00edvar.<\/p>\n<p>El director general de Actuaci\u00f3n Procesal del Ministerio P\u00fablico, Zair Mundaray, indic\u00f3, a trav\u00e9s de la comunicaci\u00f3n escrita, que \u00abse han realizado un total de 21 entrevistas a familiares y testigos\u00bb.<\/p>\n<p>Mundaray, dijo, que tras haber \u00abcumplido a plenitud con los postulados normativos y constitucionales\u00bb, la Fiscal\u00eda \u00abespera que el trabajo t\u00e9cnico arroje los resultados\u00bb.<\/p>\n<p>Las investigaciones se iniciaron el pasado viernes cuando, seg\u00fan relatos de supuestos sobrevivientes difundidos por los diputados por la zona, los opositores Am\u00e9rico de Grazia y Andr\u00e9s Vel\u00e1squez, un grupo de 28 mineros fue tiroteado por delincuentes que operan en las minas de oro de la zona y que luego escondieron los cuerpos.<\/p>\n<p>El gobernador del estado de Bol\u00edvar, Francisco Rangel G\u00f3mez, ha reiterado varias veces que tras varios d\u00edas de b\u00fasqueda, no se ha conseguido \u00ababsolutamente ninguna evidencia\u00bb de lo ocurrido, sin embargo no descart\u00f3 que pudiera haber \u00abalg\u00fan problema\u00bb.<\/p>\n<p>Sin embargo, el defensor del Pueblo, Tareck William Saab, afirm\u00f3 el mi\u00e9rcoles que las investigaciones preliminares aportaron \u00abuna serie de elementos probatorios que determinan que, efectivamente, se cometieron hechos punibles, al margen de la ley, tipificados como delitos graves en el c\u00f3digo penal\u00bb.<\/p>\n<p>Unos mil soldados buscan a los mineros en \u00abun despliegue extraordinario por aire, por mar, por r\u00edos, por tierra\u00bb, inform\u00f3 el martes el propio ministro de la Defensa, Vladimir Padrino L\u00f3pez.<\/p>\n<\/div>\n","protected":false},"excerpt":{"rendered":"<p>EFE Caracas La Fiscal\u00eda venezolana inform\u00f3 ayer que ha confirmado la identidad hasta el momento de 16 de los 28 mineros que fueron reportados como desaparecidos en una poblaci\u00f3n del estado de Bol\u00edvar (sureste) y que presuntamente fueron asesinados. \u00abSe pudieron identificar a 16 de los presuntos desaparecidos de los hechos denunciados\u00bb, inform\u00f3 hoy el [&hellip;]<\/p>\n","protected":false},"author":7,"featured_media":44563,"comment_status":"open","ping_status":"open","sticky":false,"template":"","format":"standard","meta":{"footnotes":""},"categories":[40,48],"tags":[],"class_list":["post-44561","post","type-post","status-publish","format-standard","has-post-thumbnail","hentry","category-internacionales","category-venezuela"],"_links":{"self":[{"href":"https:\/\/2horizontes.com\/index.php?rest_route=\/wp\/v2\/posts\/44561","targetHints":{"allow":["GET"]}}],"collection":[{"href":"https:\/\/2horizontes.com\/index.php?rest_route=\/wp\/v2\/posts"}],"about":[{"href":"https:\/\/2horizontes.com\/index.php?rest_route=\/wp\/v2\/types\/post"}],"author":[{"embeddable":true,"href":"https:\/\/2horizontes.com\/index.php?rest_route=\/wp\/v2\/users\/7"}],"replies":[{"embeddable":true,"href":"https:\/\/2horizontes.com\/index.php?rest_route=%2Fwp%2Fv2%2Fcomments&post=44561"}],"version-history":[{"count":1,"href":"https:\/\/2horizontes.com\/index.php?rest_route=\/wp\/v2\/posts\/44561\/revisions"}],"predecessor-version":[{"id":44564,"href":"https:\/\/2horizontes.com\/index.php?rest_route=\/wp\/v2\/posts\/44561\/revisions\/44564"}],"wp:featuredmedia":[{"embeddable":true,"href":"https:\/\/2horizontes.com\/index.php?rest_route=\/wp\/v2\/media\/44563"}],"wp:attachment":[{"href":"https:\/\/2horizontes.com\/index.php?rest_route=%2Fwp%2Fv2%2Fmedia&parent=44561"}],"wp:term":[{"taxonomy":"category","embeddable":true,"href":"https:\/\/2horizontes.com\/index.php?rest_route=%2Fwp%2Fv2%2Fcategories&post=44561"},{"taxonomy":"post_tag","embeddable":true,"href":"https:\/\/2horizontes.com\/index.php?rest_route=%2Fwp%2Fv2%2Ftags&post=44561"}],"curies":[{"name":"wp","href":"https:\/\/api.w.org\/{rel}","templated":true}]}}