{"id":44483,"date":"2016-03-10T11:40:53","date_gmt":"2016-03-10T10:40:53","guid":{"rendered":"http:\/\/2horizontes.com\/?p=44483"},"modified":"2016-03-10T11:40:53","modified_gmt":"2016-03-10T10:40:53","slug":"embajador-de-la-r-d-en-espana-lamenta-violencia-en-la-se-vieron-implicados-dominicanos","status":"publish","type":"post","link":"https:\/\/2horizontes.com\/?p=44483","title":{"rendered":"Embajador de la R.D. en Espa\u00f1a lamenta violencia en la se vieron implicados dominicanos"},"content":{"rendered":"<div id=\"ArticleAuthorDiv\" class=\"article-body-author\"><b>EFE<\/b><\/div>\n<div id=\"ArticleSourceDiv\" class=\"article-body-author\"><b>Madrid<\/b><\/div>\n<div id=\"ArticleBody\">\n<p>El embajador de la Rep\u00fablica Dominicana en Espa\u00f1a, An\u00edbal de Castro, lament\u00f3 \u201cprofundamente\u201d los hechos violentos del pasado fin de semana en Madrid y recalc\u00f3 que la comunidad dominicana en Espa\u00f1a tiene una \u201cbien ganada fama\u201d por su \u201cesp\u00edritu laborioso y comportamiento ciudadano\u201d.<\/p>\n<p>El embajador se pronunci\u00f3 as\u00ed sobre los sucesos del pasado fin de semana en Madrid en los que se vieron implicados espa\u00f1oles de origen dominicano o ciudadanos dominicanos.<\/p>\n<p><strong>Bandas latinas<\/strong><br \/>\nEn concreto, se registr\u00f3 una reyerta entre bandas latinas en la c\u00e9ntrica Puerta del Sol (Madrid) en la que muri\u00f3 un joven, y varios polic\u00edas sufrieron una agresi\u00f3n en otro barrio de la capital (Tetu\u00e1n), que se sald\u00f3 con la detenci\u00f3n de seis personas.<\/p>\n<p>\u201cLa participaci\u00f3n de j\u00f3venes en actividades delictivas -cualquiera que sea su nacionalidad u origenes algo que nos preocupa por igual a todos\u201d, expuso el embajador, quien adverti\u00f3 de que el fen\u00f3meno de las bandas es \u201cun tema complejo en que intervienen m\u00faltiples factores sociales\u201d.<\/p>\n<p>Por ello, consider\u00f3 que ese problema \u201cse enfrenta erradamente si se parte de informaci\u00f3n falsa y de un enfoque parcial, centrado en la nacionalidad extranjera de los implicados\u201d.<\/p>\n<\/div>\n<div><\/div>\n","protected":false},"excerpt":{"rendered":"<p>EFE Madrid El embajador de la Rep\u00fablica Dominicana en Espa\u00f1a, An\u00edbal de Castro, lament\u00f3 \u201cprofundamente\u201d los hechos violentos del pasado fin de semana en Madrid y recalc\u00f3 que la comunidad dominicana en Espa\u00f1a tiene una \u201cbien ganada fama\u201d por su \u201cesp\u00edritu laborioso y comportamiento ciudadano\u201d. El embajador se pronunci\u00f3 as\u00ed sobre los sucesos del pasado [&hellip;]<\/p>\n","protected":false},"author":7,"featured_media":44487,"comment_status":"open","ping_status":"open","sticky":false,"template":"","format":"standard","meta":{"footnotes":""},"categories":[46,85,40],"tags":[],"class_list":["post-44483","post","type-post","status-publish","format-standard","has-post-thumbnail","hentry","category-dominicanos-en-madrid","category-espana","category-internacionales"],"_links":{"self":[{"href":"https:\/\/2horizontes.com\/index.php?rest_route=\/wp\/v2\/posts\/44483","targetHints":{"allow":["GET"]}}],"collection":[{"href":"https:\/\/2horizontes.com\/index.php?rest_route=\/wp\/v2\/posts"}],"about":[{"href":"https:\/\/2horizontes.com\/index.php?rest_route=\/wp\/v2\/types\/post"}],"author":[{"embeddable":true,"href":"https:\/\/2horizontes.com\/index.php?rest_route=\/wp\/v2\/users\/7"}],"replies":[{"embeddable":true,"href":"https:\/\/2horizontes.com\/index.php?rest_route=%2Fwp%2Fv2%2Fcomments&post=44483"}],"version-history":[{"count":1,"href":"https:\/\/2horizontes.com\/index.php?rest_route=\/wp\/v2\/posts\/44483\/revisions"}],"predecessor-version":[{"id":44488,"href":"https:\/\/2horizontes.com\/index.php?rest_route=\/wp\/v2\/posts\/44483\/revisions\/44488"}],"wp:featuredmedia":[{"embeddable":true,"href":"https:\/\/2horizontes.com\/index.php?rest_route=\/wp\/v2\/media\/44487"}],"wp:attachment":[{"href":"https:\/\/2horizontes.com\/index.php?rest_route=%2Fwp%2Fv2%2Fmedia&parent=44483"}],"wp:term":[{"taxonomy":"category","embeddable":true,"href":"https:\/\/2horizontes.com\/index.php?rest_route=%2Fwp%2Fv2%2Fcategories&post=44483"},{"taxonomy":"post_tag","embeddable":true,"href":"https:\/\/2horizontes.com\/index.php?rest_route=%2Fwp%2Fv2%2Ftags&post=44483"}],"curies":[{"name":"wp","href":"https:\/\/api.w.org\/{rel}","templated":true}]}}