{"id":44460,"date":"2016-03-09T21:41:15","date_gmt":"2016-03-09T20:41:15","guid":{"rendered":"http:\/\/2horizontes.com\/?p=44460"},"modified":"2016-03-09T21:41:15","modified_gmt":"2016-03-09T20:41:15","slug":"michel-el-buenon-esta-en-cuidados-intensivos-en-hospital-de-boston","status":"publish","type":"post","link":"https:\/\/2horizontes.com\/?p=44460","title":{"rendered":"Michel \u2018El Buen\u00f3n\u2019 est\u00e1 en cuidados intensivos en hospital de Boston"},"content":{"rendered":"<div id=\"p_p_id_contentviewerportlet_WAR_newsportlet_INSTANCE_ad939a29825f4d77b9f132e595239e2c_\" class=\"portlet-boundary portlet-boundary_contentviewerportlet_WAR_newsportlet_  portlet-static portlet-static-end content-viewer-portlet \">\n<div class=\"td-portlet\">\n<section id=\"portlet_contentviewerportlet_WAR_newsportlet_INSTANCE_ad939a29825f4d77b9f132e595239e2c\" class=\"portlet\">\n<div class=\"portlet-content\">\n<div class=\" portlet-content-container\">\n<div class=\"portlet-body\">\n<div class=\"last td-viewer full-access\">\n<div class=\"detalle-texto\">\n<div class=\"text\">\n<p>SANTO DOMINGO. El salsero dominicano Michel el Buen\u00f3n se encuentra hoy en Cuidados Intensivos despu\u00e9s de haber sido sometido en el d\u00eda de ayer a una operaci\u00f3n quir\u00fargica en el Massachussets General Hospital de Boston, donde le fue extirpado un tumor supuestamente en las tiroides. La situaci\u00f3n parece estar complicada, seg\u00fan dijo en un mensaje a quien redacta su esposa Miosotis.<\/p>\n<p>Al artista, que comenz\u00f3 su andar art\u00edstico en el Combo Show de Johnny Ventura, y fuera miembro del Tabou Combo, se le hab\u00eda detectado una masa anormal en su cuello por lo que se tom\u00f3 la decisi\u00f3n de intervenirlo inmediatamente para evitar posibles inconvenientes de salud en el futuro.<\/p>\n<p>Seg\u00fan supo Diario Libre, su esposa Miosotis que se encuentra en el hospital hoy no lo ha podido ver todav\u00eda, toda vez que se encuentra en \u00e1rea restringida de ese importante centro m\u00e9dico.<\/p>\n<p>Una llamada desde ese centro m\u00e9dico de una fuente an\u00f3nima dijo que existe preocupaci\u00f3n pues se supon\u00eda que el artista hablara 24 horas despu\u00e9s de su cirug\u00eda y esto no habr\u00eda sucedido y que a\u00fan est\u00e1 inflamado y se espera que esta situaci\u00f3n baje para poder examinarlo otra vez.<\/p>\n<p>La fuente dijo que incluso se est\u00e1 hablando de posible negligencia m\u00e9dica y que por lo tanto la situaci\u00f3n estar\u00eda un poco complicada, tal y como asegur\u00f3 su esposa a DL.<\/p>\n<p>Miosotis solicit\u00f3 oraciones por la salud de su esposo.<\/p>\n<\/div>\n<\/div>\n<\/div>\n<\/div>\n<\/div>\n<\/div>\n<\/section>\n<\/div>\n<\/div>\n<div id=\"p_p_id_articletopicsportlet_WAR_newsportlet_INSTANCE_c5d6e9af5f8941409f18800688ad49bc_\" class=\"portlet-boundary portlet-boundary_articletopicsportlet_WAR_newsportlet_  portlet-static portlet-static-end article-topics-portlet detalle-metadatos\"><\/div>\n","protected":false},"excerpt":{"rendered":"<p>SANTO DOMINGO. El salsero dominicano Michel el Buen\u00f3n se encuentra hoy en Cuidados Intensivos despu\u00e9s de haber sido sometido en el d\u00eda de ayer a una operaci\u00f3n quir\u00fargica en el Massachussets General Hospital de Boston, donde le fue extirpado un tumor supuestamente en las tiroides. La situaci\u00f3n parece estar complicada, seg\u00fan dijo en un mensaje [&hellip;]<\/p>\n","protected":false},"author":13240,"featured_media":44461,"comment_status":"open","ping_status":"open","sticky":false,"template":"","format":"standard","meta":{"footnotes":""},"categories":[1,40,44],"tags":[],"class_list":["post-44460","post","type-post","status-publish","format-standard","has-post-thumbnail","hentry","category-entretenimiento","category-internacionales","category-republica-dominicana"],"_links":{"self":[{"href":"https:\/\/2horizontes.com\/index.php?rest_route=\/wp\/v2\/posts\/44460","targetHints":{"allow":["GET"]}}],"collection":[{"href":"https:\/\/2horizontes.com\/index.php?rest_route=\/wp\/v2\/posts"}],"about":[{"href":"https:\/\/2horizontes.com\/index.php?rest_route=\/wp\/v2\/types\/post"}],"author":[{"embeddable":true,"href":"https:\/\/2horizontes.com\/index.php?rest_route=\/wp\/v2\/users\/13240"}],"replies":[{"embeddable":true,"href":"https:\/\/2horizontes.com\/index.php?rest_route=%2Fwp%2Fv2%2Fcomments&post=44460"}],"version-history":[{"count":1,"href":"https:\/\/2horizontes.com\/index.php?rest_route=\/wp\/v2\/posts\/44460\/revisions"}],"predecessor-version":[{"id":44462,"href":"https:\/\/2horizontes.com\/index.php?rest_route=\/wp\/v2\/posts\/44460\/revisions\/44462"}],"wp:featuredmedia":[{"embeddable":true,"href":"https:\/\/2horizontes.com\/index.php?rest_route=\/wp\/v2\/media\/44461"}],"wp:attachment":[{"href":"https:\/\/2horizontes.com\/index.php?rest_route=%2Fwp%2Fv2%2Fmedia&parent=44460"}],"wp:term":[{"taxonomy":"category","embeddable":true,"href":"https:\/\/2horizontes.com\/index.php?rest_route=%2Fwp%2Fv2%2Fcategories&post=44460"},{"taxonomy":"post_tag","embeddable":true,"href":"https:\/\/2horizontes.com\/index.php?rest_route=%2Fwp%2Fv2%2Ftags&post=44460"}],"curies":[{"name":"wp","href":"https:\/\/api.w.org\/{rel}","templated":true}]}}