{"id":44402,"date":"2016-03-09T10:52:40","date_gmt":"2016-03-09T09:52:40","guid":{"rendered":"http:\/\/2horizontes.com\/?p=44402"},"modified":"2016-03-09T10:52:40","modified_gmt":"2016-03-09T09:52:40","slug":"la-policia-teme-la-venganza-de-los-trinitarios-contra-los-dominicans","status":"publish","type":"post","link":"https:\/\/2horizontes.com\/?p=44402","title":{"rendered":"La Polic\u00eda teme la venganza de los \u2018trinitarios\u2019 contra los \u2018dominicans\u2019"},"content":{"rendered":"<p>La Polic\u00eda Nacional ha reforzado la vigilancia en algunas zonas de Madrid para evitar que las bandas latinas protagonicen incidentes como el del pasado s\u00e1bado, en el que muri\u00f3 un menor de 15 a\u00f1os, ya que, aunque no hay un repunte de estos grupos, \u201clas represalias siempre planean sobre el ambiente\u201d.<\/p>\n<p>As\u00ed lo han explicado en rueda de prensa el jefe superior de Polic\u00eda de Madrid, Alfonso Jos\u00e9 Fern\u00e1ndez, y el inspector jefe de Bandas Latinas, Ricardo Gabald\u00f3n, durante una rueda de prensa junto a la delegada del Gobierno, Concepci\u00f3n Dancausa.<\/p>\n<p>Todos se han referido a la reyerta que el pasado s\u00e1bado protagonizaron una veintena de los Dominican Don\u2019t Play y varios miembros de los Trinitarios en las inmediaciones de la Puerta del Sol, entre \u00e9stos un menor de 15 a\u00f1os que muri\u00f3 de una pu\u00f1alada en el coraz\u00f3n.<\/p>\n<p>Dancausa y los investigadores han insistido en que se trat\u00f3 de un encuentro no programado, sino fortuito, entre ambas bandas y que la Polic\u00eda sigue investigando para detener al culpable del asesinato, ya que inicialmente se detuvo a un joven que result\u00f3 herido en la reyerta como el posible culpable, pero se ha demostrado que no lo es.<\/p>\n<p>El jefe superior de Polic\u00eda ha especificado que la Polic\u00eda reforzar\u00e1, como ha hecho en otras ocasiones, la vigilancia y el patrullaje en las zonas en las que las bandas pueden actuar, sobre todo en espacios p\u00fablicos.<\/p>\n<p>El inspector jefe de Bandas Latinas ha dicho que las represalias entre los miembros de estos grupos \u201csiempre planea sobre el ambiente\u201d porque mantienen \u201cuna rivalidad hist\u00f3rica que viene de sus pa\u00edses de origen\u201d y se consideran f\u00e9rreos enemigos.<\/p>\n<p>Sin embargo, desde 2013 no hab\u00eda habido represalias con v\u00edctimas mortales. Desde 2004 se han contabilizado once fallecidos en peleas entre bandas.<\/p>\n<p>\u201cSu actividad es constante y mantienen una violencia virtual en la red, pero no suele traspasar de ah\u00ed, no tiene trascendencia callejera\u201d, ha explicado Gabald\u00f3n, que ha relatado que la Polic\u00eda investiga estas posibles quedadas \u201cpara matarse\u201d que luego no se materializan,<\/p>\n<p>Actualmente, los m\u00e1s numerosos son los Trinitarios, con unos 80 miembros activos, seguidos por los \u00d1etas con unos 60 \u00f3 70, los DDP con unos 50 \u00f3 60 y los Lating King con unos 30, seg\u00fan los investigadores.<\/p>\n","protected":false},"excerpt":{"rendered":"<p>La Polic\u00eda Nacional ha reforzado la vigilancia en algunas zonas de Madrid para evitar que las bandas latinas protagonicen incidentes como el del pasado s\u00e1bado, en el que muri\u00f3 un menor de 15 a\u00f1os, ya que, aunque no hay un repunte de estos grupos, \u201clas represalias siempre planean sobre el ambiente\u201d. As\u00ed lo han explicado [&hellip;]<\/p>\n","protected":false},"author":3,"featured_media":44403,"comment_status":"open","ping_status":"open","sticky":false,"template":"","format":"standard","meta":{"footnotes":""},"categories":[46,85],"tags":[],"class_list":["post-44402","post","type-post","status-publish","format-standard","has-post-thumbnail","hentry","category-dominicanos-en-madrid","category-espana"],"_links":{"self":[{"href":"https:\/\/2horizontes.com\/index.php?rest_route=\/wp\/v2\/posts\/44402","targetHints":{"allow":["GET"]}}],"collection":[{"href":"https:\/\/2horizontes.com\/index.php?rest_route=\/wp\/v2\/posts"}],"about":[{"href":"https:\/\/2horizontes.com\/index.php?rest_route=\/wp\/v2\/types\/post"}],"author":[{"embeddable":true,"href":"https:\/\/2horizontes.com\/index.php?rest_route=\/wp\/v2\/users\/3"}],"replies":[{"embeddable":true,"href":"https:\/\/2horizontes.com\/index.php?rest_route=%2Fwp%2Fv2%2Fcomments&post=44402"}],"version-history":[{"count":1,"href":"https:\/\/2horizontes.com\/index.php?rest_route=\/wp\/v2\/posts\/44402\/revisions"}],"predecessor-version":[{"id":44404,"href":"https:\/\/2horizontes.com\/index.php?rest_route=\/wp\/v2\/posts\/44402\/revisions\/44404"}],"wp:featuredmedia":[{"embeddable":true,"href":"https:\/\/2horizontes.com\/index.php?rest_route=\/wp\/v2\/media\/44403"}],"wp:attachment":[{"href":"https:\/\/2horizontes.com\/index.php?rest_route=%2Fwp%2Fv2%2Fmedia&parent=44402"}],"wp:term":[{"taxonomy":"category","embeddable":true,"href":"https:\/\/2horizontes.com\/index.php?rest_route=%2Fwp%2Fv2%2Fcategories&post=44402"},{"taxonomy":"post_tag","embeddable":true,"href":"https:\/\/2horizontes.com\/index.php?rest_route=%2Fwp%2Fv2%2Ftags&post=44402"}],"curies":[{"name":"wp","href":"https:\/\/api.w.org\/{rel}","templated":true}]}}