{"id":44338,"date":"2016-03-08T13:59:35","date_gmt":"2016-03-08T12:59:35","guid":{"rendered":"http:\/\/2horizontes.com\/?p=44338"},"modified":"2016-03-08T13:59:35","modified_gmt":"2016-03-08T12:59:35","slug":"un-joven-muere-apunalado-en-una-pelea-entre-bandas-latinas-en-la-puerta-del-sol","status":"publish","type":"post","link":"https:\/\/2horizontes.com\/?p=44338","title":{"rendered":"Un joven muere apu\u00f1alado en una pelea entre bandas latinas en la Puerta del Sol"},"content":{"rendered":"<p>Un joven de 20 a\u00f1os ha muerto y otro de 18 ha resultado herido de gravedad en una pelea entre bandas latinas en la la Puerta del Sol de Madrid.<\/p>\n<p>La Polic\u00eda Nacional ha detenido a un chico de 19 a\u00f1os como presunto autor de la muerte de otro joven durante una reyerta ocurrida anoche en las inmediaciones de la Puerta del Sol de Madrid entre bandas latinas.<\/p>\n<p>Seg\u00fan ha informado un portavoz de la Jefatura Superior de Polic\u00eda de Madrid, el suceso ocurri\u00f3 sobre las 23.00 horas y, seg\u00fan las primeras investigaciones, la pelea entre los integrantes de las bandas se inici\u00f3 en la estaci\u00f3n de Renfe de Sol, donde result\u00f3 herido de gravedad un joven de 18 a\u00f1os.<\/p>\n<p>Este chico recibi\u00f3 tres pu\u00f1aladas, aparentemente no penetrantes, en el abdomen y fue atendido por los sanitarios de SAMUR-Protecci\u00f3n Civil en la confluencia de la calle de Montera con la Puerta del Sol, desde donde fue trasladado al hospital Ram\u00f3n y Cajal en estado grave, ha informado a Efe una portavoz de Emergencias Madrid.<\/p>\n<p>Con pocos minutos de diferencia, muy cerca de all\u00ed, en la calle de Galdo esquina con la de Preciados, los profesionales sanitarios atendieron a otro joven, indocumentado y de aspecto latino, que presentaba una herida de arma blanca penetrante en hemit\u00f3rax izquierdo y se encontraba inconsciente.<\/p>\n<p>La v\u00edctima, que hab\u00eda perdido gran cantidad de sangre, sufri\u00f3 una parada cardiorrespiratoria. Durante unos 20 minutos los sanitarios del SAMUR intentaron reanimar al joven e, incluso, le practicaron una toracotom\u00eda, cirug\u00eda muy poco habitual en la v\u00eda p\u00fablica que consiste en abrir la pared tor\u00e1cica para dar un masaje directo en el coraz\u00f3n, ha explicado hoy a Efe la portavoz de Emergencias Madrid.<\/p>\n<p>Los agentes de la Brigada Provincial de Polic\u00eda Cient\u00edfica desplazados al centro de Madrid localizaron un reguero de sangre desde la calle de Preciados hasta la cercana plaza del Carmen, por lo que impusieron un cerco policial en la zona que permiti\u00f3 localizar a un centenar de j\u00f3venes latinos, al parecer dominicanos.<\/p>\n<p>Entre ellos se identific\u00f3 a un joven nacido en 1997 que fue detenido como presunto autor de la pu\u00f1alada mortal.<\/p>\n<p>La Polic\u00eda Nacional investiga ahora si los integrantes de las dos bandas se encontraron en la estaci\u00f3n de Renfe o si hab\u00edan acordado una quedada.<\/p>\n<p>Tambi\u00e9n trata de localizar las armas blancas con las que fueron agredidas las v\u00edctimas y no se descartan m\u00e1s detenciones en las pr\u00f3ximas horas.<\/p>\n","protected":false},"excerpt":{"rendered":"<p>Un joven de 20 a\u00f1os ha muerto y otro de 18 ha resultado herido de gravedad en una pelea entre bandas latinas en la la Puerta del Sol de Madrid. La Polic\u00eda Nacional ha detenido a un chico de 19 a\u00f1os como presunto autor de la muerte de otro joven durante una reyerta ocurrida anoche [&hellip;]<\/p>\n","protected":false},"author":3,"featured_media":44340,"comment_status":"open","ping_status":"open","sticky":false,"template":"","format":"standard","meta":{"footnotes":""},"categories":[85],"tags":[],"class_list":["post-44338","post","type-post","status-publish","format-standard","has-post-thumbnail","hentry","category-espana"],"_links":{"self":[{"href":"https:\/\/2horizontes.com\/index.php?rest_route=\/wp\/v2\/posts\/44338","targetHints":{"allow":["GET"]}}],"collection":[{"href":"https:\/\/2horizontes.com\/index.php?rest_route=\/wp\/v2\/posts"}],"about":[{"href":"https:\/\/2horizontes.com\/index.php?rest_route=\/wp\/v2\/types\/post"}],"author":[{"embeddable":true,"href":"https:\/\/2horizontes.com\/index.php?rest_route=\/wp\/v2\/users\/3"}],"replies":[{"embeddable":true,"href":"https:\/\/2horizontes.com\/index.php?rest_route=%2Fwp%2Fv2%2Fcomments&post=44338"}],"version-history":[{"count":1,"href":"https:\/\/2horizontes.com\/index.php?rest_route=\/wp\/v2\/posts\/44338\/revisions"}],"predecessor-version":[{"id":44341,"href":"https:\/\/2horizontes.com\/index.php?rest_route=\/wp\/v2\/posts\/44338\/revisions\/44341"}],"wp:featuredmedia":[{"embeddable":true,"href":"https:\/\/2horizontes.com\/index.php?rest_route=\/wp\/v2\/media\/44340"}],"wp:attachment":[{"href":"https:\/\/2horizontes.com\/index.php?rest_route=%2Fwp%2Fv2%2Fmedia&parent=44338"}],"wp:term":[{"taxonomy":"category","embeddable":true,"href":"https:\/\/2horizontes.com\/index.php?rest_route=%2Fwp%2Fv2%2Fcategories&post=44338"},{"taxonomy":"post_tag","embeddable":true,"href":"https:\/\/2horizontes.com\/index.php?rest_route=%2Fwp%2Fv2%2Ftags&post=44338"}],"curies":[{"name":"wp","href":"https:\/\/api.w.org\/{rel}","templated":true}]}}