{"id":44241,"date":"2016-03-08T02:10:13","date_gmt":"2016-03-08T01:10:13","guid":{"rendered":"http:\/\/2horizontes.com\/?p=44241"},"modified":"2016-03-08T02:10:13","modified_gmt":"2016-03-08T01:10:13","slug":"fiscal-venezolano-a-su-llegada-a-tumeremo-no-vine-a-hacer-politica-vine-a-hacer-justicia","status":"publish","type":"post","link":"https:\/\/2horizontes.com\/?p=44241","title":{"rendered":"Fiscal venezolano a su llegada a Tumeremo: \u00abNo vine a hacer pol\u00edtica, vine a hacer justicia\u00bb"},"content":{"rendered":"<p>TUMEREMO VENEZUELA.- Mervin Ortega, fiscal designado por el Ministerio P\u00fablico, lleg\u00f3 a Tumeremo, municipio Sifontes del estado Bol\u00edvar, para indagar sobre la desaparici\u00f3n de 28 mineros desaparecidos dentro de la mina Atenas.<\/p>\n<p>\u201cYo no vine a hacer pol\u00edtica, vine a hacer justicia, los funcionarios encargados de las investigaciones ser\u00e1n de Caracas\u201d, asegur\u00f3 el fiscalizador frente a un grupo de manifestantes, que obstaculizaron las v\u00edas de acceso terrestre como presi\u00f3n para aclarecer el hecho.<\/p>\n<p>El fiscal se comprometi\u00f3 personalmente a aclarecer los hechos que manifestante se\u00f1alan como \u201cmasacre\u201d, as\u00ed public\u00f3 el portal digital <em>La Iguana Tv.<\/em><\/p>\n<p>\u201cAccediendo a la petici\u00f3n de los familiares de que ning\u00fan organismo de ac\u00e1 del estado Bol\u00edvar, sea el encargado de este caso, pues no conf\u00edan en ellos\u201d, public\u00f3 el funcionario por medio de la red social Facebook.<\/p>\n<p>El fiscal no abandonar\u00e1 el sector hasta \u201cesclarecer\u201d el suceso. \u201cTengan la seguridad de que aqu\u00ed se va a hacer justicia (\u2026) Ustedes tienen el respaldo de la administraci\u00f3n de justicia, del Ministerio P\u00fablico y del trabajo que vino a hacerse\u201d, public\u00f3 el portal.<\/p>\n","protected":false},"excerpt":{"rendered":"<p>TUMEREMO VENEZUELA.- Mervin Ortega, fiscal designado por el Ministerio P\u00fablico, lleg\u00f3 a Tumeremo, municipio Sifontes del estado Bol\u00edvar, para indagar sobre la desaparici\u00f3n de 28 mineros desaparecidos dentro de la mina Atenas. \u201cYo no vine a hacer pol\u00edtica, vine a hacer justicia, los funcionarios encargados de las investigaciones ser\u00e1n de Caracas\u201d, asegur\u00f3 el fiscalizador frente [&hellip;]<\/p>\n","protected":false},"author":13240,"featured_media":44242,"comment_status":"open","ping_status":"open","sticky":false,"template":"","format":"standard","meta":{"footnotes":""},"categories":[40,48],"tags":[],"class_list":["post-44241","post","type-post","status-publish","format-standard","has-post-thumbnail","hentry","category-internacionales","category-venezuela"],"_links":{"self":[{"href":"https:\/\/2horizontes.com\/index.php?rest_route=\/wp\/v2\/posts\/44241","targetHints":{"allow":["GET"]}}],"collection":[{"href":"https:\/\/2horizontes.com\/index.php?rest_route=\/wp\/v2\/posts"}],"about":[{"href":"https:\/\/2horizontes.com\/index.php?rest_route=\/wp\/v2\/types\/post"}],"author":[{"embeddable":true,"href":"https:\/\/2horizontes.com\/index.php?rest_route=\/wp\/v2\/users\/13240"}],"replies":[{"embeddable":true,"href":"https:\/\/2horizontes.com\/index.php?rest_route=%2Fwp%2Fv2%2Fcomments&post=44241"}],"version-history":[{"count":1,"href":"https:\/\/2horizontes.com\/index.php?rest_route=\/wp\/v2\/posts\/44241\/revisions"}],"predecessor-version":[{"id":44243,"href":"https:\/\/2horizontes.com\/index.php?rest_route=\/wp\/v2\/posts\/44241\/revisions\/44243"}],"wp:featuredmedia":[{"embeddable":true,"href":"https:\/\/2horizontes.com\/index.php?rest_route=\/wp\/v2\/media\/44242"}],"wp:attachment":[{"href":"https:\/\/2horizontes.com\/index.php?rest_route=%2Fwp%2Fv2%2Fmedia&parent=44241"}],"wp:term":[{"taxonomy":"category","embeddable":true,"href":"https:\/\/2horizontes.com\/index.php?rest_route=%2Fwp%2Fv2%2Fcategories&post=44241"},{"taxonomy":"post_tag","embeddable":true,"href":"https:\/\/2horizontes.com\/index.php?rest_route=%2Fwp%2Fv2%2Ftags&post=44241"}],"curies":[{"name":"wp","href":"https:\/\/api.w.org\/{rel}","templated":true}]}}