{"id":44234,"date":"2016-03-07T23:51:25","date_gmt":"2016-03-07T22:51:25","guid":{"rendered":"http:\/\/2horizontes.com\/?p=44234"},"modified":"2016-03-07T23:51:25","modified_gmt":"2016-03-07T22:51:25","slug":"el-monitor-acusado-de-abusar-sexualmente-de-16-menores-reconoce-los-hechos","status":"publish","type":"post","link":"https:\/\/2horizontes.com\/?p=44234","title":{"rendered":"El monitor acusado de abusar sexualmente de 16 menores reconoce los hechos"},"content":{"rendered":"<p>El monitor acusado de abusar sexualmente de 16 menores durante campamentos celebrados los a\u00f1os 2011 y 2012 en la localidad leonesa de Carucedo, en la comarca del Bierzo, ha reconocido hoy haber instalado c\u00e1maras de visi\u00f3n nocturna en las habitaciones donde dorm\u00edan los ni\u00f1os y haberse grabado realiz\u00e1ndoles tocamientos.<\/p>\n<p>La primera sesi\u00f3n del juicio que se sigue contra Rafael Prado, de 44 a\u00f1os, que se ha celebrado esta ma\u00f1ana en la Audiencia Provincial de Le\u00f3n, se ha centrado en la declaraci\u00f3n del acusado, para el que la Fiscal\u00eda solicita una pena que suma los 234 a\u00f1os de prisi\u00f3n.<\/p>\n<p>A preguntas del fiscal, el acusado ha reconocido haberse grabado realizando tocamientos a los menores. No obstante ha negado que grabase el material con intenci\u00f3n de visionarlo posteriormente, y ha dicho que tampoco ten\u00eda intenci\u00f3n de compartirlo en ninguna red de pornograf\u00eda infantil.<\/p>\n<p>La declaraci\u00f3n del acusado<\/p>\n<p>A preguntas de su defensa, ha se\u00f1alado que no hay d\u00eda que no se arrepienta de los hechos y que no sabe por qu\u00e9 lo hizo, excus\u00e1ndose en que \u00abfue un impulso\u00bb. La defensa ha tratado de explicar que los hechos coincidieron con el aumento de la dosis de una medicaci\u00f3n que el acusado comenz\u00f3 a tomar en 2010 y que de alguna manera pudo influir en su comportamiento, y ha insistido en que colabor\u00f3 desde el primer momento con la Polic\u00eda.<\/p>\n<p>Tambi\u00e9n ha precisado que, en algunas ocasiones, los tocamientos se deb\u00edan a que el acusado le aplicaba una pomada a los menores. Tras el acusado han declarado dos polic\u00edas nacionales que participaron en el registro y en el visionado del material que se encontr\u00f3 en su posesi\u00f3n.<\/p>\n<p>Se hallaron 1.800 horas de grabaci\u00f3n en una de las habitaciones de su vivienda y 19.000 en los vestuarios de una piscina en la que fue socorrista en C\u00e1ceres<\/p>\n<p>Uno de ellos ha concretado que se hallaron 1.800 horas de grabaci\u00f3n en una de las habitaciones de su vivienda y 19.000 en los vestuarios de una piscina en la que fue socorrista en C\u00e1ceres, ya que ten\u00eda las c\u00e1maras encendidas la mayor parte del d\u00eda.El acusado ha dicho que decidi\u00f3 tomar las im\u00e1genes de los vestuarios para evitar robos.<\/p>\n<p>La posible condena<\/p>\n<p>El juicio est\u00e1 previsto que se prolongue hasta el 9 de marzo y el acusado se enfrenta a diecis\u00e9is delitos de corrupci\u00f3n de menores, otros tantos de abusos sexuales, doce de ellos continuados, y uno m\u00e1s delito de revelaci\u00f3n de secretos. Concretamente se enfrenta a 114 a\u00f1os de c\u00e1rcel por los diecis\u00e9is delitos de corrupci\u00f3n de menores; a 72 a\u00f1os por doce delitos de abusos sexuales continuados; a diecis\u00e9is por cuatro delitos de abusos sexuales, y a dos m\u00e1s por revelaci\u00f3n de secretos. La Fiscal\u00eda pide adem\u00e1s que el acusado indemnice con 132.000 euros a los menores de los que supuestamente abus\u00f3.<\/p>\n<p>Su pareja le denunci\u00f3 tras hallar en un armario de la vivienda familiar un disco compacto de contenido pederasta<\/p>\n<p>El acusado, que permanece en prisi\u00f3n preventiva desde su detenci\u00f3n en noviembre de 2012, grababa los supuestos abusos que comet\u00eda y se entreg\u00f3 a la Polic\u00eda en Madrid tras tener conocimiento de que su mujer, embarazada en aquellos momentos -la pareja ten\u00eda ya un ni\u00f1o de cuatro a\u00f1os-, le hab\u00eda denunciado tras hallar en un armario de la vivienda familiar un disco compacto de contenido pederasta.<\/p>\n","protected":false},"excerpt":{"rendered":"<p>El monitor acusado de abusar sexualmente de 16 menores durante campamentos celebrados los a\u00f1os 2011 y 2012 en la localidad leonesa de Carucedo, en la comarca del Bierzo, ha reconocido hoy haber instalado c\u00e1maras de visi\u00f3n nocturna en las habitaciones donde dorm\u00edan los ni\u00f1os y haberse grabado realiz\u00e1ndoles tocamientos. La primera sesi\u00f3n del juicio que [&hellip;]<\/p>\n","protected":false},"author":3,"featured_media":44235,"comment_status":"open","ping_status":"open","sticky":false,"template":"","format":"standard","meta":{"footnotes":""},"categories":[85],"tags":[],"class_list":["post-44234","post","type-post","status-publish","format-standard","has-post-thumbnail","hentry","category-espana"],"_links":{"self":[{"href":"https:\/\/2horizontes.com\/index.php?rest_route=\/wp\/v2\/posts\/44234","targetHints":{"allow":["GET"]}}],"collection":[{"href":"https:\/\/2horizontes.com\/index.php?rest_route=\/wp\/v2\/posts"}],"about":[{"href":"https:\/\/2horizontes.com\/index.php?rest_route=\/wp\/v2\/types\/post"}],"author":[{"embeddable":true,"href":"https:\/\/2horizontes.com\/index.php?rest_route=\/wp\/v2\/users\/3"}],"replies":[{"embeddable":true,"href":"https:\/\/2horizontes.com\/index.php?rest_route=%2Fwp%2Fv2%2Fcomments&post=44234"}],"version-history":[{"count":1,"href":"https:\/\/2horizontes.com\/index.php?rest_route=\/wp\/v2\/posts\/44234\/revisions"}],"predecessor-version":[{"id":44236,"href":"https:\/\/2horizontes.com\/index.php?rest_route=\/wp\/v2\/posts\/44234\/revisions\/44236"}],"wp:featuredmedia":[{"embeddable":true,"href":"https:\/\/2horizontes.com\/index.php?rest_route=\/wp\/v2\/media\/44235"}],"wp:attachment":[{"href":"https:\/\/2horizontes.com\/index.php?rest_route=%2Fwp%2Fv2%2Fmedia&parent=44234"}],"wp:term":[{"taxonomy":"category","embeddable":true,"href":"https:\/\/2horizontes.com\/index.php?rest_route=%2Fwp%2Fv2%2Fcategories&post=44234"},{"taxonomy":"post_tag","embeddable":true,"href":"https:\/\/2horizontes.com\/index.php?rest_route=%2Fwp%2Fv2%2Ftags&post=44234"}],"curies":[{"name":"wp","href":"https:\/\/api.w.org\/{rel}","templated":true}]}}