{"id":44219,"date":"2016-03-07T14:51:08","date_gmt":"2016-03-07T13:51:08","guid":{"rendered":"http:\/\/2horizontes.com\/?p=44219"},"modified":"2016-03-07T14:51:08","modified_gmt":"2016-03-07T13:51:08","slug":"ai-denuncia-violencia-institucional-contra-las-mujeres-en-america-latina","status":"publish","type":"post","link":"https:\/\/2horizontes.com\/?p=44219","title":{"rendered":"AI denuncia \u00abviolencia institucional\u00bb contra las mujeres en Am\u00e9rica Latina"},"content":{"rendered":"<div id=\"ArticleAuthorDiv\" class=\"article-body-author\"><b>EFE<\/b><\/div>\n<div id=\"ArticleSourceDiv\" class=\"article-body-author\"><b>Miami (EE.UU.)<\/b><\/div>\n<div id=\"ArticleBody\">\n<p>Los Gobiernos de Am\u00e9rica Latina y el Caribe no solo fracasan en prevenir y erradicar la violencia de g\u00e9nero, sino que propician una \u00abviolencia institucional\u00bb contra las mujeres, denunci\u00f3 hoy Amnist\u00eda Internacional.<\/p>\n<p>Seg\u00fan un informe publicado hoy por la secci\u00f3n americana de Amnist\u00eda Internacional (AI), la violencia contra la mujer no va a desaparecer en Am\u00e9rica Latina y el Caribe si no cambian las leyes y las pol\u00edticas y pr\u00e1cticas p\u00fablicas discriminatorias en el campo de la salud sexual y reproductiva.<\/p>\n<p>En el estudio titulado \u00abEl Estado como catalizador de la violencia contra las mujeres\u00bb AI expone c\u00f3mo la regulaci\u00f3n de la sexualidad y la reproducci\u00f3n femeninas, sobre todo a trav\u00e9s de la penalizaci\u00f3n del aborto, evidencia de la manera m\u00e1s clara \u00ablos estereotipos y sesgos por g\u00e9nero\u00bb y sirve para imponer a las mujeres de la regi\u00f3n las ideas dominantes sobre su papel en la sociedad.<\/p>\n<p>\u00abEsas normas -dice el informe- no solo violan varios derechos humanos, tambi\u00e9n generan violencia contra las mujeres y constituyen tortura u otros tratos crueles, inhumanos y degradantes\u00bb,<\/p>\n<p>El informe tiene siete protagonistas, Rosaura de Rep\u00fablica Dominicana, Tania de Chile, Teodora de El Salvador, M\u00f3nica de Argentina, Michelle de M\u00e9xico, Mainumby de Paraguay y Esperanza de Per\u00fa, y tambi\u00e9n trata el caso de Uruguay, donde el aborto est\u00e1 despenalizado, pero el ejercicio de ese derecho se ve limitado por la objeci\u00f3n de conciencia y algunas normas judiciales.<\/p>\n<p>La penalizaci\u00f3n del aborto, que en algunos pa\u00edses de la regi\u00f3n sigue siendo un \u00abdelito\u00bb en todos los casos y en la mayor\u00eda est\u00e1 prohibido salvo en muy limitadas circunstancias, es un tema dominante en el informe.<\/p>\n<p>Pero tambi\u00e9n trata de las esterilizaciones a la fuerza, de la mala atenci\u00f3n sanitaria y del limitado acceso a la justicia y a la reparaci\u00f3n por atropellos que tienen la mayor\u00eda de las mujeres.<\/p>\n<p>El caso de Mainumby, una ni\u00f1a de 10 a\u00f1os que qued\u00f3 embarazada a causa de una violaci\u00f3n, supuestamente de un familiar, y fue obligada a dar a luz en Paraguay, tuvo gran repercusi\u00f3n internacional.<\/p>\n<p>Tambi\u00e9n el caso de la salvadore\u00f1a Teodora es dram\u00e1tico. Aunque aleg\u00f3 que se trat\u00f3 de un aborto natural fue condenada a 30 a\u00f1os de c\u00e1rcel por abortar y est\u00e1 en prisi\u00f3n desde 2007.<\/p>\n<p>Esperanza, de Per\u00fa, estaba embarazada en 1998 cuando le practicaron una ligadura de trompas que no hab\u00eda pedido y como consecuencia de ello perdi\u00f3 al hijo que esperaba.<\/p>\n<p>La mexicana Michelle descubri\u00f3 cuando estaba embarazada de su segundo hijo que era portadora del virus del Sida y fue sometida tambi\u00e9n a una esterilizaci\u00f3n forzosa, adem\u00e1s de sufrir malos tratos en el hospital cuando dio a luz por ser HIV positiva.<\/p>\n<p>Tania quedo embarazada cuando estaba a punto de iniciar un tratamiento contra el c\u00e1ncer y para no poner en riesgo su vida se someti\u00f3 a un aborto clandestino en Chile hace 30 a\u00f1os.<\/p>\n<p>A Rosaura, dominicana, le diagnosticaron leucemia cuando ten\u00eda 16 a\u00f1os. Al enterarse de que estaba embarazada, los m\u00e9dicos retrasaron el inicio del tratamiento para que el feto no sufriera da\u00f1os. Un mes despu\u00e9s de haberlo iniciado sufri\u00f3 un aborto natural y muri\u00f3.<\/p>\n<p>La argentina M\u00f3nica sufri\u00f3 un accidente cerebro vascular despu\u00e9s de haber sido obligada a seguir con un embarazo que implicaba riesgos para su salud y hoy tiene notorias secuelas.<\/p>\n<p>\u00abIncuestionablemente la discriminaci\u00f3n hacia la mujer es la ra\u00edz de la violencia, tortura y otros malos tratos y violaciones de los derechos humanos documentados en este informe\u00bb, dice AI.<\/p>\n<p>El informe destaca algunos tristes r\u00e9cords de Am\u00e9rica Latina y el Caribe en materia de salud sexual y reproductiva: m\u00e1s de la mitad de los embarazos no son planeados, un porcentaje que se mantiene invariable desde 1985, y seg\u00fan estimaciones es la regi\u00f3n del mundo con un mayor porcentaje de abortos inseguros.<\/p>\n<p>En el cap\u00edtulo de recomendaciones destaca la necesidad de que ocuparse en las ni\u00f1as y adolescentes que \u00abson particularmente vulnerables debido a sus capacidades f\u00edsicas y emocionales est\u00e1n aun en desarrollo\u00bb.<\/p>\n<p>La recomendaci\u00f3n obedece a la \u00abgrave preocupaci\u00f3n\u00bb de AI por las \u00abcrecientes tasas de embarazo adolescente en la regi\u00f3n, as\u00ed como al patr\u00f3n emergente y alarmante de obligar a las ni\u00f1as, incluso las de menos de 14 a\u00f1os, a seguir adelante con su embarazo y dar a luz\u00bb.<\/p>\n<p>Al inicio del informe AI hace menci\u00f3n al riesgo que el brote de zika en la regi\u00f3n plantea para las mujeres por la supuesta conexi\u00f3n entre ese virus y la microcefalia en reci\u00e9n nacidos y se refiere al hecho de que en algunos pa\u00edses las autoridades hayan pedido a las mujeres que no se queden embarazadas por un tiempo.<\/p>\n<p>\u00abNo solo es absurdo, es insultante en una regi\u00f3n en la que m\u00e1s de la mitad de los embarazos no son deseados o no fueron planeados, donde los \u00edndices de violencia sexual son extremadamente altos, la demanda de contraceptivos sobrepasa con creces la disponibilidad de esos productos y las pautas culturales siguen ensalzando el papel de las mujeres como madres\u00bb.<\/p>\n<\/div>\n","protected":false},"excerpt":{"rendered":"<p>EFE Miami (EE.UU.) Los Gobiernos de Am\u00e9rica Latina y el Caribe no solo fracasan en prevenir y erradicar la violencia de g\u00e9nero, sino que propician una \u00abviolencia institucional\u00bb contra las mujeres, denunci\u00f3 hoy Amnist\u00eda Internacional. Seg\u00fan un informe publicado hoy por la secci\u00f3n americana de Amnist\u00eda Internacional (AI), la violencia contra la mujer no va [&hellip;]<\/p>\n","protected":false},"author":7,"featured_media":44220,"comment_status":"open","ping_status":"open","sticky":false,"template":"","format":"standard","meta":{"footnotes":""},"categories":[40],"tags":[],"class_list":["post-44219","post","type-post","status-publish","format-standard","has-post-thumbnail","hentry","category-internacionales"],"_links":{"self":[{"href":"https:\/\/2horizontes.com\/index.php?rest_route=\/wp\/v2\/posts\/44219","targetHints":{"allow":["GET"]}}],"collection":[{"href":"https:\/\/2horizontes.com\/index.php?rest_route=\/wp\/v2\/posts"}],"about":[{"href":"https:\/\/2horizontes.com\/index.php?rest_route=\/wp\/v2\/types\/post"}],"author":[{"embeddable":true,"href":"https:\/\/2horizontes.com\/index.php?rest_route=\/wp\/v2\/users\/7"}],"replies":[{"embeddable":true,"href":"https:\/\/2horizontes.com\/index.php?rest_route=%2Fwp%2Fv2%2Fcomments&post=44219"}],"version-history":[{"count":1,"href":"https:\/\/2horizontes.com\/index.php?rest_route=\/wp\/v2\/posts\/44219\/revisions"}],"predecessor-version":[{"id":44221,"href":"https:\/\/2horizontes.com\/index.php?rest_route=\/wp\/v2\/posts\/44219\/revisions\/44221"}],"wp:featuredmedia":[{"embeddable":true,"href":"https:\/\/2horizontes.com\/index.php?rest_route=\/wp\/v2\/media\/44220"}],"wp:attachment":[{"href":"https:\/\/2horizontes.com\/index.php?rest_route=%2Fwp%2Fv2%2Fmedia&parent=44219"}],"wp:term":[{"taxonomy":"category","embeddable":true,"href":"https:\/\/2horizontes.com\/index.php?rest_route=%2Fwp%2Fv2%2Fcategories&post=44219"},{"taxonomy":"post_tag","embeddable":true,"href":"https:\/\/2horizontes.com\/index.php?rest_route=%2Fwp%2Fv2%2Ftags&post=44219"}],"curies":[{"name":"wp","href":"https:\/\/api.w.org\/{rel}","templated":true}]}}