{"id":44216,"date":"2016-03-07T14:46:29","date_gmt":"2016-03-07T13:46:29","guid":{"rendered":"http:\/\/2horizontes.com\/?p=44216"},"modified":"2016-03-07T14:46:29","modified_gmt":"2016-03-07T13:46:29","slug":"expertos-se-reunen-para-analizar-el-estado-del-brote-de-zika-en-latinoamerica","status":"publish","type":"post","link":"https:\/\/2horizontes.com\/?p=44216","title":{"rendered":"Expertos se re\u00fanen para analizar el estado del brote de zika en Latinoam\u00e9rica"},"content":{"rendered":"<div id=\"ArticleAuthorDiv\" class=\"article-body-author\"><b>EFE<\/b><\/div>\n<div id=\"ArticleSourceDiv\" class=\"article-body-author\"><b>Ginebra<\/b><\/div>\n<div id=\"ArticleBody\">\n<p>Cient\u00edficos y reguladores est\u00e1n reunidos desde hoy en Ginebra para determinar el estado de la epidemia del virus del Zika y qu\u00e9 se hace para luchar contra ella y las horrendas consecuencias que supuestamente conlleva.<\/p>\n<p>Hasta la fecha las evidencias de la relaci\u00f3n entre el virus del Zika y el repunte de casos de microcefalia en Brasil y del s\u00edndrome de Guillain-Barr\u00e9 (SGB) en nueve pa\u00edses siguen creciendo, pero a\u00fan no son suficientes para declarar una causalidad directa.<\/p>\n<p>No obstante, como las pruebas se acumulan, la Organizaci\u00f3n Mundial de la Salud (OMS) quiere evaluar todos los datos disponibles y conocer de cerca todos los estudios que se llevan a cabo relacionadas con el virus y sus consecuencias.<\/p>\n<p>Es por ello que convoc\u00f3 una reuni\u00f3n de tres d\u00edas, que comenz\u00f3 hoy, en la que los expertos analizar\u00e1n espec\u00edficamente qu\u00e9 conocimiento cient\u00edfico se tiene de la enfermedad y de sus implicaciones sobre la salud p\u00fablica.<\/p>\n<p>El segundo aspecto crucial ser\u00e1 determinar qu\u00e9 aspectos de la lucha contra el fen\u00f3meno est\u00e1n m\u00e1s avanzados, cu\u00e1les no, y que hace falta para acelerarlos: control vectorial, diagn\u00f3sticos, vacunas, etc&#8230;)<\/p>\n<p>En este contexto, la OMS aboga porque se establezca una plataforma donde todos los investigadores puedan conocer el resultado de las pesquisas del resto.<\/p>\n<p>Asimismo, se discutir\u00e1 de nuevo el espinoso tema de compartir las muestras de sangre.<\/p>\n<p>En la reuni\u00f3n participar\u00e1n cient\u00edficos, reguladores -para acelerar el proceso de autorizaci\u00f3n de las novedades- instituciones m\u00e9dicas y autoridades sanitarias de los pa\u00edses afectados.<\/p>\n<p>El pasado enero, tras una reuni\u00f3n del Comit\u00e9 de Emergencias de la OMS, la entidad decret\u00f3 que los casos de microcefalia y su posible relaci\u00f3n con el virus del Zika constitu\u00edan una emergencia sanitaria de alcance internacional.<\/p>\n<p>Precisamente, ma\u00f1ana se reunir\u00e1 de nuevo el Comit\u00e9 de Emergencias para analizar tres aspectos claves: si los casos de microcefalia y su relaci\u00f3n con el zika siguen siendo una emergencia sanitaria; si las recomendaciones que se hicieron sobre viajes y comercio cuando se anunci\u00f3 la emergencia siguen siendo v\u00e1lidas; y si hay o no una respuesta internacional coordinada y efectiva.<\/p>\n<\/div>\n<div><\/div>\n","protected":false},"excerpt":{"rendered":"<p>EFE Ginebra Cient\u00edficos y reguladores est\u00e1n reunidos desde hoy en Ginebra para determinar el estado de la epidemia del virus del Zika y qu\u00e9 se hace para luchar contra ella y las horrendas consecuencias que supuestamente conlleva. Hasta la fecha las evidencias de la relaci\u00f3n entre el virus del Zika y el repunte de casos [&hellip;]<\/p>\n","protected":false},"author":7,"featured_media":44217,"comment_status":"open","ping_status":"open","sticky":false,"template":"","format":"standard","meta":{"footnotes":""},"categories":[40,45],"tags":[],"class_list":["post-44216","post","type-post","status-publish","format-standard","has-post-thumbnail","hentry","category-internacionales","category-salud"],"_links":{"self":[{"href":"https:\/\/2horizontes.com\/index.php?rest_route=\/wp\/v2\/posts\/44216","targetHints":{"allow":["GET"]}}],"collection":[{"href":"https:\/\/2horizontes.com\/index.php?rest_route=\/wp\/v2\/posts"}],"about":[{"href":"https:\/\/2horizontes.com\/index.php?rest_route=\/wp\/v2\/types\/post"}],"author":[{"embeddable":true,"href":"https:\/\/2horizontes.com\/index.php?rest_route=\/wp\/v2\/users\/7"}],"replies":[{"embeddable":true,"href":"https:\/\/2horizontes.com\/index.php?rest_route=%2Fwp%2Fv2%2Fcomments&post=44216"}],"version-history":[{"count":1,"href":"https:\/\/2horizontes.com\/index.php?rest_route=\/wp\/v2\/posts\/44216\/revisions"}],"predecessor-version":[{"id":44218,"href":"https:\/\/2horizontes.com\/index.php?rest_route=\/wp\/v2\/posts\/44216\/revisions\/44218"}],"wp:featuredmedia":[{"embeddable":true,"href":"https:\/\/2horizontes.com\/index.php?rest_route=\/wp\/v2\/media\/44217"}],"wp:attachment":[{"href":"https:\/\/2horizontes.com\/index.php?rest_route=%2Fwp%2Fv2%2Fmedia&parent=44216"}],"wp:term":[{"taxonomy":"category","embeddable":true,"href":"https:\/\/2horizontes.com\/index.php?rest_route=%2Fwp%2Fv2%2Fcategories&post=44216"},{"taxonomy":"post_tag","embeddable":true,"href":"https:\/\/2horizontes.com\/index.php?rest_route=%2Fwp%2Fv2%2Ftags&post=44216"}],"curies":[{"name":"wp","href":"https:\/\/api.w.org\/{rel}","templated":true}]}}