{"id":44074,"date":"2016-03-05T13:02:56","date_gmt":"2016-03-05T12:02:56","guid":{"rendered":"http:\/\/2horizontes.com\/?p=44074"},"modified":"2016-03-05T13:02:56","modified_gmt":"2016-03-05T12:02:56","slug":"colombia-abatieron-a-uno-de-los-jefes-del-clan-usuga","status":"publish","type":"post","link":"https:\/\/2horizontes.com\/?p=44074","title":{"rendered":"Colombia: abatieron a uno de los jefes del Clan \u00dasuga"},"content":{"rendered":"<p><strong>Colombia<\/strong><\/p>\n<p>A trav\u00e9s de su cuenta oficial de Twitter, el presidente de Colombia, Juan Manuel Santos, inform\u00f3 que un cabecilla del Clan \u00dasuga, la mayor banda criminal del pa\u00eds,<b> fue abatido en una operaci\u00f3n militar y policial en la regi\u00f3n de Urab\u00e1<\/b>.<\/p>\n<p>\u00abContundente golpe a Clan \u00dasuga. Abatido alias &#8216;Lorenzo&#8217; en Urab\u00e1. M\u00e1ximo cabecilla y narcotraficante\u00bb, explic\u00f3 el mandatario.<\/p>\n<div id=\"embed86_wrap\" class=\"embed_cont type_freetext\">\n<div id=\"embed86_epigrafe\" class=\"embed_epigrafe\">\u00a0Por su parte, desde el Ministerio de Defensa tambi\u00e9n informaron sobre la muerte de \u00abLorenzo\u00bb quien ten\u00eda en su contra 73 \u00f3rdenes de captura y era se\u00f1alado como<b> \u00abresponsable de extorsi\u00f3n y narcotr\u00e1fico\u00bb<\/b>.<\/div>\n<\/div>\n<p>\u00abFelicitaciones a Polic\u00eda de Colombia y Fuerzas Especiales por neutralizaci\u00f3n de alias &#8216;Lorenzo&#8217;, miembro del Clan \u00dasuga en Urab\u00e1\u00bb, a\u00f1adieron desde la cuenta de la cartera.<\/p>\n<p><b>Las autoridades colombianas desarrollan desde hace varios meses la operaci\u00f3n Agamen\u00f3n<\/b>, con la que buscan capturar al l\u00edder m\u00e1ximo del Clan \u00dasuga, Dairo Antonio \u00dasuga David, alias Otoniel, uno de los hombres m\u00e1s buscados del pa\u00eds.<\/p>\n<p>El Clan \u00dasuga surgi\u00f3 luego de la desmovilizaci\u00f3n de las Autodefensas Unidas de Colombia (AUC, paramilitares) en 2006.<\/p>\n<p>&nbsp;<\/p>\n<p>F. Infobae.<\/p>\n","protected":false},"excerpt":{"rendered":"<p>Colombia A trav\u00e9s de su cuenta oficial de Twitter, el presidente de Colombia, Juan Manuel Santos, inform\u00f3 que un cabecilla del Clan \u00dasuga, la mayor banda criminal del pa\u00eds, fue abatido en una operaci\u00f3n militar y policial en la regi\u00f3n de Urab\u00e1. \u00abContundente golpe a Clan \u00dasuga. Abatido alias &#8216;Lorenzo&#8217; en Urab\u00e1. M\u00e1ximo cabecilla y [&hellip;]<\/p>\n","protected":false},"author":7,"featured_media":44075,"comment_status":"open","ping_status":"open","sticky":false,"template":"","format":"standard","meta":{"footnotes":""},"categories":[50,40],"tags":[],"class_list":["post-44074","post","type-post","status-publish","format-standard","has-post-thumbnail","hentry","category-colombia","category-internacionales"],"_links":{"self":[{"href":"https:\/\/2horizontes.com\/index.php?rest_route=\/wp\/v2\/posts\/44074","targetHints":{"allow":["GET"]}}],"collection":[{"href":"https:\/\/2horizontes.com\/index.php?rest_route=\/wp\/v2\/posts"}],"about":[{"href":"https:\/\/2horizontes.com\/index.php?rest_route=\/wp\/v2\/types\/post"}],"author":[{"embeddable":true,"href":"https:\/\/2horizontes.com\/index.php?rest_route=\/wp\/v2\/users\/7"}],"replies":[{"embeddable":true,"href":"https:\/\/2horizontes.com\/index.php?rest_route=%2Fwp%2Fv2%2Fcomments&post=44074"}],"version-history":[{"count":1,"href":"https:\/\/2horizontes.com\/index.php?rest_route=\/wp\/v2\/posts\/44074\/revisions"}],"predecessor-version":[{"id":44076,"href":"https:\/\/2horizontes.com\/index.php?rest_route=\/wp\/v2\/posts\/44074\/revisions\/44076"}],"wp:featuredmedia":[{"embeddable":true,"href":"https:\/\/2horizontes.com\/index.php?rest_route=\/wp\/v2\/media\/44075"}],"wp:attachment":[{"href":"https:\/\/2horizontes.com\/index.php?rest_route=%2Fwp%2Fv2%2Fmedia&parent=44074"}],"wp:term":[{"taxonomy":"category","embeddable":true,"href":"https:\/\/2horizontes.com\/index.php?rest_route=%2Fwp%2Fv2%2Fcategories&post=44074"},{"taxonomy":"post_tag","embeddable":true,"href":"https:\/\/2horizontes.com\/index.php?rest_route=%2Fwp%2Fv2%2Ftags&post=44074"}],"curies":[{"name":"wp","href":"https:\/\/api.w.org\/{rel}","templated":true}]}}