{"id":4405,"date":"2015-04-07T20:24:38","date_gmt":"2015-04-07T20:24:38","guid":{"rendered":"http:\/\/2horizontes.com\/?p=4405"},"modified":"2015-04-07T20:24:38","modified_gmt":"2015-04-07T20:24:38","slug":"la-justicia-argentina-libra-de-la-carcel-a-una-exministra-kirchnerista","status":"publish","type":"post","link":"https:\/\/2horizontes.com\/?p=4405","title":{"rendered":"La justicia argentina libra de la c\u00e1rcel a una exministra kirchnerista"},"content":{"rendered":"<p><a href=\"http:\/\/2horizontes.com\/wp-content\/uploads\/2015\/04\/exministraargentina.jpg\"><img loading=\"lazy\" decoding=\"async\" class=\"alignleft wp-image-4406 size-large\" src=\"http:\/\/2horizontes.com\/wp-content\/uploads\/2015\/04\/exministraargentina-510x442.jpg\" alt=\"exministraargentina\" width=\"510\" height=\"442\" srcset=\"https:\/\/2horizontes.com\/wp-content\/uploads\/2015\/04\/exministraargentina-510x442.jpg 510w, https:\/\/2horizontes.com\/wp-content\/uploads\/2015\/04\/exministraargentina-300x260.jpg 300w, https:\/\/2horizontes.com\/wp-content\/uploads\/2015\/04\/exministraargentina.jpg 560w\" sizes=\"auto, (max-width: 510px) 100vw, 510px\" \/><\/a><\/p>\n<p>Argentina.-La justicia argentina libr\u00f3 este lunes de la pena efectiva de prisi\u00f3n contra la exministra de Econom\u00eda kirchnerista Felisa Miceli. Economista de 62 a\u00f1os, Miceli hab\u00eda sido ministra del Gobierno de N\u00e9stor Kirchner\u00a0entre 2005 y 2007, cuando debi\u00f3 renunciar en medio de un esc\u00e1ndalo porque la Polic\u00eda hall\u00f3 en el ba\u00f1o de su despacho una bolsa sin declarar con 100.000 pesos (31.000 d\u00f3lares de entonces) y 31.000 d\u00f3lares en efectivo. En una primera instancia, la exfuncionaria fue condenada en 2012 a cuatro a\u00f1os de prisi\u00f3n\u00a0por encubrimiento agravado de una maniobra irregular y por sustracci\u00f3n ocultamiento de documento p\u00fablico, pero ese fallo fue revisado y termin\u00f3 siendo sentenciada a tres a\u00f1os, una cantidad de tiempo que en Argentina no exige el arresto efectivo salvo que la culpable cometa otros delitos.<\/p>\n<p>Miceli es la \u00fanica kirchnerista que ha sido condenada por un caso de corrupci\u00f3n, despu\u00e9s de 12 a\u00f1os de Gobiernos de Kirchner (2003-2007) y su viuda y sucesora, Cristina Fern\u00e1ndez. A diferencia de otros casos que a\u00fan son investigados por la justicia, la entonces ministra se distingui\u00f3 por dimitir poco tiempo despu\u00e9s de revelarse el hallazgo de la bolsa con dinero. Fue el periodista Jorge Lanata quien cont\u00f3 el esc\u00e1ndalo en el peri\u00f3dico <em>Perfil<\/em>. Era plena campa\u00f1a para la primera elecci\u00f3n presidencial de Fern\u00e1ndez.<\/p>\n<p>Un tribunal federal la conden\u00f3 primero a cuatro a\u00f1os de prisi\u00f3n\u00a0y a ocho a\u00f1os de inhabilitaci\u00f3n para la funci\u00f3n p\u00fablica. Pero la economista apel\u00f3 ante la C\u00e1mara de Casaci\u00f3n (tribunal de revisi\u00f3n de fallos), que ratific\u00f3 su culpabilidad\u00a0pero consider\u00f3 que la pena estaba mal fundamentada. As\u00ed fue que otro tribunal federal acab\u00f3 reduciendo la sentencia. Antes de su decisi\u00f3n, escuch\u00f3 a una Miceli arrepentida, entre llantos, prometiendo que nunca m\u00e1s volver\u00eda a la funci\u00f3n p\u00fablica. Los magistrados la libraron de la c\u00e1rcel y le prohibieron volver a trabajar en el Estado por seis a\u00f1os.<\/p>\n<p>La justicia argentina, mientras tanto, contin\u00faa con diversas investigaciones de presunta corrupci\u00f3n contra Fern\u00e1ndez y otros funcionarios y exfuncionarios de su Gobierno, pero entre las causas m\u00e1s avanzadas est\u00e1n aquellas en las que ha sido procesado el vicepresidente de Argentina, Amado Boudou, por supuestos sobornos y falsificaci\u00f3n de documentos p\u00fablicos. Pero no solo en el kirchnerismo hay procesados. Tambi\u00e9n uno de los dos principales candidatos presidenciales de la oposici\u00f3n, el conservador Mauricio Macri, alcalde de Buenos Aires, est\u00e1 imputado por presunto presionaje y en otra causa por vej\u00e1menes de un grupo que \u00e9l cre\u00f3 para desalojar a los <em>sin techo<\/em> de las plazas de la capital.<\/p>\n","protected":false},"excerpt":{"rendered":"<p>Argentina.-La justicia argentina libr\u00f3 este lunes de la pena efectiva de prisi\u00f3n contra la exministra de Econom\u00eda kirchnerista Felisa Miceli. Economista de 62 a\u00f1os, Miceli hab\u00eda sido ministra del Gobierno de N\u00e9stor Kirchner\u00a0entre 2005 y 2007, cuando debi\u00f3 renunciar en medio de un esc\u00e1ndalo porque la Polic\u00eda hall\u00f3 en el ba\u00f1o de su despacho una [&hellip;]<\/p>\n","protected":false},"author":2,"featured_media":0,"comment_status":"open","ping_status":"open","sticky":false,"template":"","format":"standard","meta":{"footnotes":""},"categories":[1],"tags":[],"class_list":["post-4405","post","type-post","status-publish","format-standard","hentry","category-entretenimiento"],"_links":{"self":[{"href":"https:\/\/2horizontes.com\/index.php?rest_route=\/wp\/v2\/posts\/4405","targetHints":{"allow":["GET"]}}],"collection":[{"href":"https:\/\/2horizontes.com\/index.php?rest_route=\/wp\/v2\/posts"}],"about":[{"href":"https:\/\/2horizontes.com\/index.php?rest_route=\/wp\/v2\/types\/post"}],"author":[{"embeddable":true,"href":"https:\/\/2horizontes.com\/index.php?rest_route=\/wp\/v2\/users\/2"}],"replies":[{"embeddable":true,"href":"https:\/\/2horizontes.com\/index.php?rest_route=%2Fwp%2Fv2%2Fcomments&post=4405"}],"version-history":[{"count":1,"href":"https:\/\/2horizontes.com\/index.php?rest_route=\/wp\/v2\/posts\/4405\/revisions"}],"predecessor-version":[{"id":4407,"href":"https:\/\/2horizontes.com\/index.php?rest_route=\/wp\/v2\/posts\/4405\/revisions\/4407"}],"wp:attachment":[{"href":"https:\/\/2horizontes.com\/index.php?rest_route=%2Fwp%2Fv2%2Fmedia&parent=4405"}],"wp:term":[{"taxonomy":"category","embeddable":true,"href":"https:\/\/2horizontes.com\/index.php?rest_route=%2Fwp%2Fv2%2Fcategories&post=4405"},{"taxonomy":"post_tag","embeddable":true,"href":"https:\/\/2horizontes.com\/index.php?rest_route=%2Fwp%2Fv2%2Ftags&post=4405"}],"curies":[{"name":"wp","href":"https:\/\/api.w.org\/{rel}","templated":true}]}}