{"id":44047,"date":"2016-03-05T12:24:18","date_gmt":"2016-03-05T11:24:18","guid":{"rendered":"http:\/\/2horizontes.com\/?p=44047"},"modified":"2016-03-05T12:24:18","modified_gmt":"2016-03-05T11:24:18","slug":"hijos-de-uribe-y-lider-opositor-colombiano-denuncian-su-inminente-detencion","status":"publish","type":"post","link":"https:\/\/2horizontes.com\/?p=44047","title":{"rendered":"Hijos de Uribe y l\u00edder opositor colombiano denuncian su inminente detenci\u00f3n"},"content":{"rendered":"<div id=\"ArticleAuthorDiv\" class=\"article-body-author\"><b>EFE<\/b><\/div>\n<div id=\"ArticleSourceDiv\" class=\"article-body-author\"><b>Bogot\u00e1<\/b><\/div>\n<div id=\"ArticleBody\">\n<p>Los hijos del exmandatario colombiano \u00c1lvaro Uribe y el ex candidato presidencial del opositor partido Centro Democr\u00e1tico, \u00d3scar Iv\u00e1n Zuluaga, denunciaron ayer su inminente captura como parte de una \u00abpersecuci\u00f3n\u00bb pol\u00edtica que atribuyen a la Fiscal\u00eda.<\/p>\n<p>Zuluaga, quien fue derrotado en 2014 en segunda vuelta electoral por el presidente colombiano, Juan Manuel Santos, advirti\u00f3 en una carta remitida al procurador general, Alejandro Ordo\u00f1ez, que ha conocido \u00abpor m\u00faltiples canales\u00bb que la Fiscal\u00eda \u00abse dispone a emitir una orden de captura\u00bb en su contra.<\/p>\n<p>El pol\u00edtico adem\u00e1s es presidente del Centro Democr\u00e1tico, partido de derechas fundado por Uribe que lidera la oposici\u00f3n al Gobierno de Santos.<\/p>\n<p>Zuluaga atribuy\u00f3 la supuesta orden de captura a una investigaci\u00f3n \u00abfruto de una infiltraci\u00f3n premeditada\u00bb en contra de su campa\u00f1a \u00aborquestada desde la propia Fiscal\u00eda General de la Naci\u00f3n en alianza con el Gobierno para impedir que fuera elegido presidente de la Rep\u00fablica, no obstante haber ganado en la primera vuelta\u00bb.<\/p>\n<p>\u00abNo estoy por encima de la ley, ni he pretendido estarlo jam\u00e1s. Lo \u00fanico que pido es que por haber obtenido siete millones de votos y dirigir el principal partido de oposici\u00f3n en Colombia, no se me trate como si a m\u00ed no aplicaran los derechos fundamentales que la Constituci\u00f3n extiende a todo ciudadano colombiano\u00bb, se\u00f1al\u00f3 Zuluaga en la carta al procurador.<\/p>\n<p>Por eso solicit\u00f3 adem\u00e1s que el Ministerio P\u00fablico (encargado de velar por el funcionamiento de las instituciones) \u00abejerza sus facultades legales y constitucionales con firmeza y celeridad para proteger los derechos que la Fiscal\u00eda General de la Naci\u00f3n viola sistem\u00e1ticamente en su \u00e1nimo persecutorio contra la oposici\u00f3n democr\u00e1tica de Colombia\u00bb.<\/p>\n<p>En otra misiva dirigida a la Fiscal\u00eda, los hijos de Uribe, Tom\u00e1s y Jer\u00f3nimo, advirtieron sobre \u00abnumerosos rumores en medios de comunicaci\u00f3n sobre la inminencia de medidas por parte de la fiscal\u00eda\u00bb en su contra.<\/p>\n<p>Denunciaron que el a\u00f1o pasado recibieron \u00abseis testimonios de diferentes personas sobre presuntos ofrecimientos por parte de la Fiscal\u00eda General de la Naci\u00f3n y de la Presidencia de la Rep\u00fablica\u00bb a James Arias, un individuo detenido recientemente y acusado de diversos delitos.<\/p>\n<p>Arias, conocido como el \u00abzar de la chatarra\u00bb, afronta un juicio por los delitos de lavado de activos, concierto para delinquir, falsedad en documento privado, fraude procesal, contrabando y enriquecimiento il\u00edcito.<\/p>\n<p>El imputado acept\u00f3 cinco cargos por su presunta participaci\u00f3n en el desfalco a la autoridad de impuestos de Colombia mediante registros ilegales de operaciones de importaci\u00f3n y exportaci\u00f3n ficticias de chatarra a Estados Unidos, China y Espa\u00f1a, seg\u00fan medios locales.<\/p>\n<p>En tal sentido, los hijos del exgobernante aseguraron, \u00abbajo la gravedad de juramento\u00bb, que \u00abel \u00fanico v\u00ednculo comercial\u00bb de la empresa de su propiedad con Arias, \u00absus empresas, familiares o colaboradores se circunscribi\u00f3 a la compraventa de chatarra en operaciones legales y leg\u00edtimas\u00bb.<\/p>\n<p>\u00abHemos recibido numerosas y exhaustivas revisiones por parte de la DIAN (Direcci\u00f3n de Impuestos y Aduanas Nacionales), entidad que espec\u00edficamente solicit\u00f3 informaci\u00f3n sobre nuestras transacciones con las empresas del Sr. Arias y no objet\u00f3 ninguna de ellas\u00bb, a\u00f1aden en la carta.<\/p>\n<p>Adem\u00e1s de expresar sus disposici\u00f3n a colaborar con las autoridades, los hijos de Uribe piden que se revise \u00abla posible existencia de ofrecimientos y presiones indebidas\u00bb a Arias en su contra.<\/p>\n<p>\u00abMis hijos van rumbo a la Fiscal\u00eda a enfrentar (por) propia iniciativa la infamia del fiscal que quiere enredarlos con &#8216;el chatarrero'\u00bb, escribi\u00f3 m\u00e1s temprano Uribe en su cuenta de Twitter.<\/p>\n<p>Estas declaraciones se conocen cuatro d\u00edas despu\u00e9s de que Santiago Uribe, hermano menor del expresidente, fuese detenido en el marco de una investigaci\u00f3n por la presunta comisi\u00f3n de los delitos de homicidio agravado y concierto para delinquir y v\u00ednculos con paramilitares.<\/p>\n<\/div>\n","protected":false},"excerpt":{"rendered":"<p>EFE Bogot\u00e1 Los hijos del exmandatario colombiano \u00c1lvaro Uribe y el ex candidato presidencial del opositor partido Centro Democr\u00e1tico, \u00d3scar Iv\u00e1n Zuluaga, denunciaron ayer su inminente captura como parte de una \u00abpersecuci\u00f3n\u00bb pol\u00edtica que atribuyen a la Fiscal\u00eda. Zuluaga, quien fue derrotado en 2014 en segunda vuelta electoral por el presidente colombiano, Juan Manuel Santos, [&hellip;]<\/p>\n","protected":false},"author":7,"featured_media":44048,"comment_status":"open","ping_status":"open","sticky":false,"template":"","format":"standard","meta":{"footnotes":""},"categories":[40,43],"tags":[],"class_list":["post-44047","post","type-post","status-publish","format-standard","has-post-thumbnail","hentry","category-internacionales","category-politica"],"_links":{"self":[{"href":"https:\/\/2horizontes.com\/index.php?rest_route=\/wp\/v2\/posts\/44047","targetHints":{"allow":["GET"]}}],"collection":[{"href":"https:\/\/2horizontes.com\/index.php?rest_route=\/wp\/v2\/posts"}],"about":[{"href":"https:\/\/2horizontes.com\/index.php?rest_route=\/wp\/v2\/types\/post"}],"author":[{"embeddable":true,"href":"https:\/\/2horizontes.com\/index.php?rest_route=\/wp\/v2\/users\/7"}],"replies":[{"embeddable":true,"href":"https:\/\/2horizontes.com\/index.php?rest_route=%2Fwp%2Fv2%2Fcomments&post=44047"}],"version-history":[{"count":1,"href":"https:\/\/2horizontes.com\/index.php?rest_route=\/wp\/v2\/posts\/44047\/revisions"}],"predecessor-version":[{"id":44049,"href":"https:\/\/2horizontes.com\/index.php?rest_route=\/wp\/v2\/posts\/44047\/revisions\/44049"}],"wp:featuredmedia":[{"embeddable":true,"href":"https:\/\/2horizontes.com\/index.php?rest_route=\/wp\/v2\/media\/44048"}],"wp:attachment":[{"href":"https:\/\/2horizontes.com\/index.php?rest_route=%2Fwp%2Fv2%2Fmedia&parent=44047"}],"wp:term":[{"taxonomy":"category","embeddable":true,"href":"https:\/\/2horizontes.com\/index.php?rest_route=%2Fwp%2Fv2%2Fcategories&post=44047"},{"taxonomy":"post_tag","embeddable":true,"href":"https:\/\/2horizontes.com\/index.php?rest_route=%2Fwp%2Fv2%2Ftags&post=44047"}],"curies":[{"name":"wp","href":"https:\/\/api.w.org\/{rel}","templated":true}]}}