{"id":43989,"date":"2016-03-04T03:24:26","date_gmt":"2016-03-04T02:24:26","guid":{"rendered":"http:\/\/2horizontes.com\/?p=43989"},"modified":"2016-03-04T03:24:26","modified_gmt":"2016-03-04T02:24:26","slug":"kim-jong-un-pide-preparar-armas-nucleares-para-usarlas-en-cualquier-momento","status":"publish","type":"post","link":"https:\/\/2horizontes.com\/?p=43989","title":{"rendered":"Kim Jong-un pide preparar armas nucleares para \u201cusarlas en cualquier momento\u201d"},"content":{"rendered":"<div class=\"detalle-texto\">\n<div class=\"text\">\n<p>SE\u00daL. El l\u00edder de Corea del Norte, Kim Jong-un, orden\u00f3 hoy preparar armas nucleares \u201cpara usarlas en cualquier momento\u201d, inform\u00f3 la agencia estatal de noticias, en un nuevo gesto de poder de Pyongyang tras la aprobaci\u00f3n de nuevas sanciones de la ONU.<\/p>\n<p>Kim apel\u00f3 a \u201cla necesidad de desplegar las cabezas nucleares para la defensa nacional, y de tenerlas siempre preparadas para que puedan disparadas en cualquier momento\u201d, seg\u00fan recogi\u00f3 la agencia norcoreana KCNA.<\/p>\n<p>La declaraci\u00f3n del l\u00edder del r\u00e9gimen \u201cjuche\u201d tiene lugar al d\u00eda despu\u00e9s de que el pa\u00eds asi\u00e1tico realizara un lanzamiento de misiles de corto alcance, tras la decisi\u00f3n el pasado mi\u00e9rcoles del Consejo de Seguridad de la ONU de imponer nuevas y m\u00e1s duras sanciones contra Pyongyang.<\/p>\n<p>Asimismo, Kim pidi\u00f3 al Ej\u00e9rcito Popular norcoreano que est\u00e9 listo para realizar \u201cataques preventivos\u201d, seg\u00fan la KCNA, en medio del incremento de la tensi\u00f3n en la pen\u00ednsula de Corea tras los \u00faltimos ensayos nuclear y de misiles ejecutados por Pyongyang.<\/p>\n<p>La v\u00edspera, Corea del Norte dispar\u00f3 desde la localidad de Wonsan, en el sureste del pa\u00eds, seis misiles a entre 100 y 150 kil\u00f3metros que cayeron en el Mar del Este (Mar de Jap\u00f3n), seg\u00fan inform\u00f3 el Ministerio de Defensa surcoreano.<\/p>\n<p>Esta \u00faltima exhibici\u00f3n de m\u00fasculo militar se interpreta como una respuesta a la resoluci\u00f3n 2270, aprobada el mi\u00e9rcoles por los 15 miembros del Consejo de Seguridad por los ensayos nuclear y de misiles llevados a cabo por Pyongyang en enero y febrero respectivamente.<\/p>\n<p>La resoluci\u00f3n establece castigos como la inspecci\u00f3n obligatoria de cargamentos, restricciones en la exportaci\u00f3n de materias primas, embargo del comercio de armas ligeras, prohibici\u00f3n de venta al pa\u00eds de combustible aeroespacial y sanciones financieras sobre individuos, entidades y activos norcoreanos, entre otros.<\/p>\n<p><b>EE.UU.: Evitar ret\u00f3rica y acciones provocativas<\/b><\/p>\n<p>El Departamento de Estado de Estados Unidos urgi\u00f3 hoy a Corea del Norte a evitar \u201cla ret\u00f3rica y las acciones provocativas que agravan tensiones\u201d, despu\u00e9s de que el l\u00edder norcoreano, Kim Jong-un, ordenara preparar armas nucleares \u201cpara usarlas en cualquier momento\u201d.<\/p>\n<p>\u201cUrgimos a Corea del Norte a evitar la ret\u00f3rica y las acciones provocativas que agravan tensiones y a que en su lugar se centre en el cumplimiento de sus obligaciones y compromisos internacionales\u201d, indic\u00f3 en un comunicado la portavoz del Departamento de Estado para Asia Oriental y el Pac\u00edfico, Gabrielle Price.<\/p>\n<p>Por su parte, el Departamento de Defensa dijo estar \u201cal tanto\u201d de las palabras de Kim y asegur\u00f3 que est\u00e1 \u201cmonitorizando\u201d la situaci\u00f3n en la Pen\u00ednsula de Corea en coordinaci\u00f3n con los aliados de EE.UU. en la regi\u00f3n.<\/p>\n<p>Kim apel\u00f3 hoy a \u201cla necesidad de desplegar las cabezas nucleares para la defensa nacional y de tenerlas siempre preparadas para que puedan ser disparadas en cualquier momento\u201d, seg\u00fan recogi\u00f3 la agencia norcoreana KCNA.<\/p>\n<p>La declaraci\u00f3n del l\u00edder del r\u00e9gimen \u201cjuche\u201d tuvo lugar el d\u00eda despu\u00e9s de que el pa\u00eds asi\u00e1tico realizara un lanzamiento de misiles de corto alcance, tras la decisi\u00f3n del Consejo de Seguridad de la ONU de imponer nuevas y m\u00e1s duras sanciones contra Pyongyang.<\/p>\n<\/div>\n<\/div>\n","protected":false},"excerpt":{"rendered":"<p>SE\u00daL. El l\u00edder de Corea del Norte, Kim Jong-un, orden\u00f3 hoy preparar armas nucleares \u201cpara usarlas en cualquier momento\u201d, inform\u00f3 la agencia estatal de noticias, en un nuevo gesto de poder de Pyongyang tras la aprobaci\u00f3n de nuevas sanciones de la ONU. Kim apel\u00f3 a \u201cla necesidad de desplegar las cabezas nucleares para la defensa [&hellip;]<\/p>\n","protected":false},"author":13240,"featured_media":43991,"comment_status":"open","ping_status":"open","sticky":false,"template":"","format":"standard","meta":{"footnotes":""},"categories":[40],"tags":[],"class_list":["post-43989","post","type-post","status-publish","format-standard","has-post-thumbnail","hentry","category-internacionales"],"_links":{"self":[{"href":"https:\/\/2horizontes.com\/index.php?rest_route=\/wp\/v2\/posts\/43989","targetHints":{"allow":["GET"]}}],"collection":[{"href":"https:\/\/2horizontes.com\/index.php?rest_route=\/wp\/v2\/posts"}],"about":[{"href":"https:\/\/2horizontes.com\/index.php?rest_route=\/wp\/v2\/types\/post"}],"author":[{"embeddable":true,"href":"https:\/\/2horizontes.com\/index.php?rest_route=\/wp\/v2\/users\/13240"}],"replies":[{"embeddable":true,"href":"https:\/\/2horizontes.com\/index.php?rest_route=%2Fwp%2Fv2%2Fcomments&post=43989"}],"version-history":[{"count":1,"href":"https:\/\/2horizontes.com\/index.php?rest_route=\/wp\/v2\/posts\/43989\/revisions"}],"predecessor-version":[{"id":43992,"href":"https:\/\/2horizontes.com\/index.php?rest_route=\/wp\/v2\/posts\/43989\/revisions\/43992"}],"wp:featuredmedia":[{"embeddable":true,"href":"https:\/\/2horizontes.com\/index.php?rest_route=\/wp\/v2\/media\/43991"}],"wp:attachment":[{"href":"https:\/\/2horizontes.com\/index.php?rest_route=%2Fwp%2Fv2%2Fmedia&parent=43989"}],"wp:term":[{"taxonomy":"category","embeddable":true,"href":"https:\/\/2horizontes.com\/index.php?rest_route=%2Fwp%2Fv2%2Fcategories&post=43989"},{"taxonomy":"post_tag","embeddable":true,"href":"https:\/\/2horizontes.com\/index.php?rest_route=%2Fwp%2Fv2%2Ftags&post=43989"}],"curies":[{"name":"wp","href":"https:\/\/api.w.org\/{rel}","templated":true}]}}