{"id":4398,"date":"2015-04-07T20:20:21","date_gmt":"2015-04-07T20:20:21","guid":{"rendered":"http:\/\/2horizontes.com\/?p=4398"},"modified":"2015-04-07T20:20:21","modified_gmt":"2015-04-07T20:20:21","slug":"muere-el-principe-kardam-hijo-mayor-de-simeon-de-bulgaria","status":"publish","type":"post","link":"https:\/\/2horizontes.com\/?p=4398","title":{"rendered":"Muere el pr\u00edncipe Kardam, hijo mayor de Sime\u00f3n de Bulgaria"},"content":{"rendered":"<p><a href=\"http:\/\/2horizontes.com\/wp-content\/uploads\/2015\/04\/principebulgaria.jpg\"><img loading=\"lazy\" decoding=\"async\" class=\"alignright wp-image-4402 size-medium\" src=\"http:\/\/2horizontes.com\/wp-content\/uploads\/2015\/04\/principebulgaria-300x175.jpg\" alt=\"principebulgaria\" width=\"300\" height=\"175\" srcset=\"https:\/\/2horizontes.com\/wp-content\/uploads\/2015\/04\/principebulgaria-300x175.jpg 300w, https:\/\/2horizontes.com\/wp-content\/uploads\/2015\/04\/principebulgaria-510x298.jpg 510w, https:\/\/2horizontes.com\/wp-content\/uploads\/2015\/04\/principebulgaria.jpg 560w\" sizes=\"auto, (max-width: 300px) 100vw, 300px\" \/><\/a><\/p>\n<p>Bulgaria.-Kardam de Sajonia-Coburgo-Gotha y G\u00f3mez-Acebo, pr\u00edncipe de T\u00edrnovo, ha fallecido este martes a los 52 a\u00f1os de edad en el hospital Sanchinarro de Madrid, seg\u00fan ha informado su padre, el ex primer ministro y depuesto rey Sime\u00f3n II de Bulgaria. \u00abSu muerte ha sido el resultado de una infecci\u00f3n pulmonar relacionada con la par\u00e1lisis que sufre desde hace a\u00f1os, despu\u00e9s del grave accidente de tr\u00e1fico que tuvo en 2008 y del que no pudo recuperarse\u00bb, ha comunicado Sime\u00f3n de Sajonia-Coburgo.<\/p>\n<p><a href=\"http:\/\/2horizontes.com\/wp-content\/uploads\/2015\/04\/principebulgariaa.jpg\"><img loading=\"lazy\" decoding=\"async\" class=\"alignright wp-image-4403 size-full\" src=\"http:\/\/2horizontes.com\/wp-content\/uploads\/2015\/04\/principebulgariaa.jpg\" alt=\"principebulgariaa\" width=\"300\" height=\"457\" srcset=\"https:\/\/2horizontes.com\/wp-content\/uploads\/2015\/04\/principebulgariaa.jpg 300w, https:\/\/2horizontes.com\/wp-content\/uploads\/2015\/04\/principebulgariaa-197x300.jpg 197w\" sizes=\"auto, (max-width: 300px) 100vw, 300px\" \/><\/a><\/p>\n<p>El \u00faltimo rey de Bulgaria,\u00a0quien se convirtiera en monarca a los seis a\u00f1os y perdiera el trono antes de los diez a manos de los comunistas, ha a\u00f1adido que hasta el \u00faltimo momento el pr\u00edncipe Kardam estuvo acompa\u00f1ado tambi\u00e9n por su madre, do\u00f1a Margarita G\u00f3mez-Acebo, su esposa Miriam y sus hermanos, los pr\u00edncipes Kyril, Konstantin, Kubrat y Kalina. El pr\u00edncipe Kardam naci\u00f3 en Madrid en 1962 y era economista. Era el hijo primog\u00e9nito de Sime\u00f3n II, rey en el exilio -vivi\u00f3 durante muchos a\u00f1os en Espa\u00f1a hasta su regreso en 2001 a su pa\u00eds natal- y ex primer ministro de la Rep\u00fablica de Bulgaria, l\u00edder de la formaci\u00f3n pol\u00edtica Alianza Nacional Sime\u00f3n II.<\/p>\n<p>Su muerte ocurre casi seis a\u00f1os, el 15 de agosto de 2008, despu\u00e9s de sufrir un accidente de tr\u00e1fico con su Jaguar en la N-1 a su paso por la localidad madrile\u00f1a de El Molar. A causa del siniestro, sufri\u00f3 un traumatismo craneoencef\u00e1lico severo y graves da\u00f1os en ambas manos mientras que su mujer, con quien se cas\u00f3 en 1996 en la iglesia ortodoxa de los santos Andr\u00e9s y Demetrio, de Madrid y tuvo dos hijos, Boris (ahora convertido en el heredero de un trono inexistente) y Beltr\u00e1n-, fue ingresada en el hospital con fractura de codo y diversas contusiones.<\/p>\n<p>En verano de 2009 la familia se traslad\u00f3 a Galicia para que Kardam fuera sometido a un tratamiento en la Fundaci\u00f3n FOLTRA (Fe, Optimismo, Lucha y Trabajo) en la localidad de Teo (pr\u00f3xima a Santiago de Compostela). Ante los pobres resultados, Kardam fue trasladado a su domicilio familiar en Madrid.<\/p>\n<p>La relaci\u00f3n de su familia con la realeza espa\u00f1ola siempre ha sido muy cercana. Su padre Sime\u00f3n, pariente de Isabel de Inglaterra y Alberto de B\u00e9lgica, siempre tuvo mucha presencia en la vida social espa\u00f1ola. Sus excelentes relaciones con la familia real espa\u00f1ola le han abierto muchas puertas. Esta relaci\u00f3n se califica desde el palacio de la Zarzuela como &#8216;familiar&#8217;. \u00abLos hijos de los Reyes de Espa\u00f1a se han criado junto a los de Sime\u00f3n\u00bb, contaba un portavoz de Zarzuela a EL PA\u00cdS\u00a0en junio de 2001. \u00abY don Juan Carlos y do\u00f1a Sof\u00eda siempre han tenido un trato familiar con Sime\u00f3n y Margarita de Bulgaria\u00bb, a\u00f1ad\u00eda entonces la fuente.<\/p>\n","protected":false},"excerpt":{"rendered":"<p>Bulgaria.-Kardam de Sajonia-Coburgo-Gotha y G\u00f3mez-Acebo, pr\u00edncipe de T\u00edrnovo, ha fallecido este martes a los 52 a\u00f1os de edad en el hospital Sanchinarro de Madrid, seg\u00fan ha informado su padre, el ex primer ministro y depuesto rey Sime\u00f3n II de Bulgaria. \u00abSu muerte ha sido el resultado de una infecci\u00f3n pulmonar relacionada con la par\u00e1lisis que [&hellip;]<\/p>\n","protected":false},"author":2,"featured_media":0,"comment_status":"open","ping_status":"open","sticky":false,"template":"","format":"standard","meta":{"footnotes":""},"categories":[1],"tags":[],"class_list":["post-4398","post","type-post","status-publish","format-standard","hentry","category-entretenimiento"],"_links":{"self":[{"href":"https:\/\/2horizontes.com\/index.php?rest_route=\/wp\/v2\/posts\/4398","targetHints":{"allow":["GET"]}}],"collection":[{"href":"https:\/\/2horizontes.com\/index.php?rest_route=\/wp\/v2\/posts"}],"about":[{"href":"https:\/\/2horizontes.com\/index.php?rest_route=\/wp\/v2\/types\/post"}],"author":[{"embeddable":true,"href":"https:\/\/2horizontes.com\/index.php?rest_route=\/wp\/v2\/users\/2"}],"replies":[{"embeddable":true,"href":"https:\/\/2horizontes.com\/index.php?rest_route=%2Fwp%2Fv2%2Fcomments&post=4398"}],"version-history":[{"count":1,"href":"https:\/\/2horizontes.com\/index.php?rest_route=\/wp\/v2\/posts\/4398\/revisions"}],"predecessor-version":[{"id":4404,"href":"https:\/\/2horizontes.com\/index.php?rest_route=\/wp\/v2\/posts\/4398\/revisions\/4404"}],"wp:attachment":[{"href":"https:\/\/2horizontes.com\/index.php?rest_route=%2Fwp%2Fv2%2Fmedia&parent=4398"}],"wp:term":[{"taxonomy":"category","embeddable":true,"href":"https:\/\/2horizontes.com\/index.php?rest_route=%2Fwp%2Fv2%2Fcategories&post=4398"},{"taxonomy":"post_tag","embeddable":true,"href":"https:\/\/2horizontes.com\/index.php?rest_route=%2Fwp%2Fv2%2Ftags&post=4398"}],"curies":[{"name":"wp","href":"https:\/\/api.w.org\/{rel}","templated":true}]}}