{"id":43840,"date":"2016-03-02T10:43:52","date_gmt":"2016-03-02T09:43:52","guid":{"rendered":"http:\/\/2horizontes.com\/?p=43840"},"modified":"2016-03-02T10:43:52","modified_gmt":"2016-03-02T09:43:52","slug":"rusia-hay-indicios-de-que-terroristas-usaron-armas-quimicas-en-siria-e-irak","status":"publish","type":"post","link":"https:\/\/2horizontes.com\/?p=43840","title":{"rendered":"Rusia: hay indicios de que terroristas usaron armas qu\u00edmicas en Siria e Irak"},"content":{"rendered":"<div id=\"ArticleAuthorDiv\" class=\"article-body-author\"><b>EFE<\/b><\/div>\n<div id=\"ArticleSourceDiv\" class=\"article-body-author\"><b>Ginebra<\/b><\/div>\n<div id=\"ArticleBody\">\n<p>El ministro ruso de Asuntos Exteriores, Sergue\u00ed Lavrov, dijo hoy que se han puesto al descubierto hechos que indican que el autodenominado Estado Isl\u00e1mico (EI) y otros grupos terroristas han utilizado armas qu\u00edmicas en Siria e Irak.<\/p>\n<p>\u00abHay una creciente amenaza de cr\u00edmenes similares en los territorios de Libia y Yemen\u00bb, advirti\u00f3 durante un discurso que pronunci\u00f3 en la Conferencia de Desarme que se re\u00fane en Ginebra.<\/p>\n<p>En su intervenci\u00f3n, el ministro dijo que los grupos terroristas pueden tener ya acceso a documentaci\u00f3n cient\u00edfica y t\u00e9cnica suficiente para elaborar armamento qu\u00edmico y controlar instalaciones equipadas para este fin.<\/p>\n<p>Las organizaciones terroristas -agreg\u00f3- incluso habr\u00edan conseguido \u00abcontratar a especialistas extranjeros para ayudarles a sintetizar las armas qu\u00edmicas\u00bb.<\/p>\n<p>Sostuvo que las actividades de los terroristas en Oriente Medio y el norte de \u00c1frica \u00abes cada vez m\u00e1s amplia, sistem\u00e1tica y transfronteriza\u00bb, y existe el riesgo de que se expandan m\u00e1s all\u00e1 de estas regiones.<\/p>\n<p>\u00abNo hay duda de que el surgimiento de un terrorismo qu\u00edmico no es una amenaza abstracta, sino una realidad grave de nuestro tiempo que debemos afrontar a trav\u00e9s de un trabajo intenso en la arena internacional\u00bb, reclam\u00f3 Lavrov.<\/p>\n<p>El ministro record\u00f3 en su discurso que, entre agosto y septiembre pasado, el EI atac\u00f3 la localidad siria de Marea con misiles rellenos de agentes qu\u00edmicos, como lo corrobor\u00f3 una comisi\u00f3n investigadora de la Organizaci\u00f3n para la Prohibici\u00f3n de las Armas Qu\u00edmicas.<\/p>\n<p>Frente a esta situaci\u00f3n, el jefe de la diplomacia rusa propuso elaborar una convenci\u00f3n contra el terrorismo qu\u00edmico porque las actuales normas internacionales no est\u00e1n dise\u00f1adas para afrontar el uso de ese tipo de armas por parte de organizaciones no estatales.<\/p>\n<p>Tampoco consideran la posibilidad de que tales acciones puedan ser calificadas como un crimen internacional.<\/p>\n<p>\u00abUna manera m\u00e1s realista, confiable y prometedora de abordar este problema es el desarrollo de una convenci\u00f3n espec\u00edfica para la supresi\u00f3n de los actos de terrorismo qu\u00edmico\u00bb, explic\u00f3.<\/p>\n<p>Consider\u00f3 que la Conferencia de Desarme de la ONU es la instancia adecuada para emprender ese trabajo.<\/p>\n<\/div>\n","protected":false},"excerpt":{"rendered":"<p>EFE Ginebra El ministro ruso de Asuntos Exteriores, Sergue\u00ed Lavrov, dijo hoy que se han puesto al descubierto hechos que indican que el autodenominado Estado Isl\u00e1mico (EI) y otros grupos terroristas han utilizado armas qu\u00edmicas en Siria e Irak. \u00abHay una creciente amenaza de cr\u00edmenes similares en los territorios de Libia y Yemen\u00bb, advirti\u00f3 durante [&hellip;]<\/p>\n","protected":false},"author":7,"featured_media":43841,"comment_status":"open","ping_status":"open","sticky":false,"template":"","format":"standard","meta":{"footnotes":""},"categories":[40],"tags":[],"class_list":["post-43840","post","type-post","status-publish","format-standard","has-post-thumbnail","hentry","category-internacionales"],"_links":{"self":[{"href":"https:\/\/2horizontes.com\/index.php?rest_route=\/wp\/v2\/posts\/43840","targetHints":{"allow":["GET"]}}],"collection":[{"href":"https:\/\/2horizontes.com\/index.php?rest_route=\/wp\/v2\/posts"}],"about":[{"href":"https:\/\/2horizontes.com\/index.php?rest_route=\/wp\/v2\/types\/post"}],"author":[{"embeddable":true,"href":"https:\/\/2horizontes.com\/index.php?rest_route=\/wp\/v2\/users\/7"}],"replies":[{"embeddable":true,"href":"https:\/\/2horizontes.com\/index.php?rest_route=%2Fwp%2Fv2%2Fcomments&post=43840"}],"version-history":[{"count":1,"href":"https:\/\/2horizontes.com\/index.php?rest_route=\/wp\/v2\/posts\/43840\/revisions"}],"predecessor-version":[{"id":43842,"href":"https:\/\/2horizontes.com\/index.php?rest_route=\/wp\/v2\/posts\/43840\/revisions\/43842"}],"wp:featuredmedia":[{"embeddable":true,"href":"https:\/\/2horizontes.com\/index.php?rest_route=\/wp\/v2\/media\/43841"}],"wp:attachment":[{"href":"https:\/\/2horizontes.com\/index.php?rest_route=%2Fwp%2Fv2%2Fmedia&parent=43840"}],"wp:term":[{"taxonomy":"category","embeddable":true,"href":"https:\/\/2horizontes.com\/index.php?rest_route=%2Fwp%2Fv2%2Fcategories&post=43840"},{"taxonomy":"post_tag","embeddable":true,"href":"https:\/\/2horizontes.com\/index.php?rest_route=%2Fwp%2Fv2%2Ftags&post=43840"}],"curies":[{"name":"wp","href":"https:\/\/api.w.org\/{rel}","templated":true}]}}