{"id":43696,"date":"2016-02-29T18:15:22","date_gmt":"2016-02-29T17:15:22","guid":{"rendered":"http:\/\/2horizontes.com\/?p=43696"},"modified":"2016-02-29T18:15:22","modified_gmt":"2016-02-29T17:15:22","slug":"el-juez-de-leganes-archiva-el-caso-del-nino-que-se-suicido-al-no-ser-competente","status":"publish","type":"post","link":"https:\/\/2horizontes.com\/?p=43696","title":{"rendered":"El juez de Legan\u00e9s archiva el caso del ni\u00f1o que se suicid\u00f3 al no ser competente"},"content":{"rendered":"<p>MadridEl juez de Instrucci\u00f3n n\u00famero 1 de Legan\u00e9s ha acordado archivar la causa en la que se investigaba el caso del menor de 11 a\u00f1os que se suicid\u00f3 el pasado 14 de octubre al no ser competente y se ha inhibido a favor de los Juzgados de Madrid.<\/p>\n<p>As\u00ed consta en un auto en el que el magistrado acuerda el archivo provisional y deducir testimonio a los juzgados de Madrid por si por el juzgado territorialmente competente se entiende que existen indicios de delito en el colegio Nuestra Se\u00f1ora de los \u00c1ngeles, en el distrito de Villaverde.<\/p>\n<p>En el procedimiento se indag\u00f3 sobre si detr\u00e1s del suicidio podr\u00eda haber un caso de acoso escolar, pues el ni\u00f1o dej\u00f3 una nota a sus padres diciendo que no quer\u00eda ir al colegio. El magistrado acord\u00f3 en enero reabrir la causa tras aparecer nuevas pruebas en el caso.<\/p>\n<p>Los hechos se produjeron el pasado 14 de octubre cuando el chico se arroj\u00f3 por la ventana de su casa, mientras su madre se duchaba y dej\u00f3 una nota pidiendo perd\u00f3n a sus padres por el da\u00f1o que les iba a causar, a\u00f1adiendo, adem\u00e1s, que no quer\u00eda ir al colegio.<\/p>\n","protected":false},"excerpt":{"rendered":"<p>MadridEl juez de Instrucci\u00f3n n\u00famero 1 de Legan\u00e9s ha acordado archivar la causa en la que se investigaba el caso del menor de 11 a\u00f1os que se suicid\u00f3 el pasado 14 de octubre al no ser competente y se ha inhibido a favor de los Juzgados de Madrid. As\u00ed consta en un auto en el [&hellip;]<\/p>\n","protected":false},"author":3,"featured_media":43697,"comment_status":"open","ping_status":"open","sticky":false,"template":"","format":"standard","meta":{"footnotes":""},"categories":[85],"tags":[],"class_list":["post-43696","post","type-post","status-publish","format-standard","has-post-thumbnail","hentry","category-espana"],"_links":{"self":[{"href":"https:\/\/2horizontes.com\/index.php?rest_route=\/wp\/v2\/posts\/43696","targetHints":{"allow":["GET"]}}],"collection":[{"href":"https:\/\/2horizontes.com\/index.php?rest_route=\/wp\/v2\/posts"}],"about":[{"href":"https:\/\/2horizontes.com\/index.php?rest_route=\/wp\/v2\/types\/post"}],"author":[{"embeddable":true,"href":"https:\/\/2horizontes.com\/index.php?rest_route=\/wp\/v2\/users\/3"}],"replies":[{"embeddable":true,"href":"https:\/\/2horizontes.com\/index.php?rest_route=%2Fwp%2Fv2%2Fcomments&post=43696"}],"version-history":[{"count":1,"href":"https:\/\/2horizontes.com\/index.php?rest_route=\/wp\/v2\/posts\/43696\/revisions"}],"predecessor-version":[{"id":43698,"href":"https:\/\/2horizontes.com\/index.php?rest_route=\/wp\/v2\/posts\/43696\/revisions\/43698"}],"wp:featuredmedia":[{"embeddable":true,"href":"https:\/\/2horizontes.com\/index.php?rest_route=\/wp\/v2\/media\/43697"}],"wp:attachment":[{"href":"https:\/\/2horizontes.com\/index.php?rest_route=%2Fwp%2Fv2%2Fmedia&parent=43696"}],"wp:term":[{"taxonomy":"category","embeddable":true,"href":"https:\/\/2horizontes.com\/index.php?rest_route=%2Fwp%2Fv2%2Fcategories&post=43696"},{"taxonomy":"post_tag","embeddable":true,"href":"https:\/\/2horizontes.com\/index.php?rest_route=%2Fwp%2Fv2%2Ftags&post=43696"}],"curies":[{"name":"wp","href":"https:\/\/api.w.org\/{rel}","templated":true}]}}