{"id":43677,"date":"2016-02-29T08:34:03","date_gmt":"2016-02-29T07:34:03","guid":{"rendered":"http:\/\/2horizontes.com\/?p=43677"},"modified":"2016-02-29T08:34:03","modified_gmt":"2016-02-29T07:34:03","slug":"un-cardenal-de-total-confianza-del-papa-francisco-sera-indagado-por-encubrir-a-curas-pedofilos-durante-decadas","status":"publish","type":"post","link":"https:\/\/2horizontes.com\/?p=43677","title":{"rendered":"Un cardenal de total confianza del papa Francisco ser\u00e1 indagado por encubrir a curas ped\u00f3filos durante d\u00e9cadas"},"content":{"rendered":"<div><strong>El Vaticano<\/strong><\/div>\n<div><\/div>\n<div>Por un enorme caso de abusos sexuales que lo involucra, el cardenal australiano <b>George Pell<\/b>, actual prefecto de la Secretar\u00eda de Econom\u00eda de la Santa Sede, declarar\u00e1 a partir de este domingo por la noche (lunes por la ma\u00f1ana en Australia) por videoconferencia ante la Real Comisi\u00f3n sobre la Respuesta Institucional a los Abusos Sexuales contra Ni\u00f1os. <b>Lo har\u00e1 desde Roma, hasta donde se trasladar\u00e1 un grupo de diez v\u00edctimas<\/b>.<\/div>\n<div><\/div>\n<div>La Real Comisi\u00f3n, que investiga los casos de pederastia en instituciones p\u00fablicas, educativas y religiosas, cit\u00f3 al prelado en relaci\u00f3n a<b> varios casos de pederastia denunciados en la ciudad australiana de Ballarat, donde Pell naci\u00f3 (1941) y ejerci\u00f3 como sacerdote desde 1973 hasta 1983<\/b>, antes de ser nombrado arzobispo de Melbourne (1996) y luego de S\u00eddney (2001).<\/div>\n<div><\/div>\n<div><b>Pell es un hombre de m\u00e1xima confianza del papa Francisco<\/b>: el Pont\u00edfice lo nombr\u00f3 para que manejara las finanzas de la Santa Sede en el marco de la reforma de la curia romana. Entre otras cosas, fue quien gest\u00f3 el encuentro de l\u00edder de la Iglesia Cat\u00f3lica con la titular del FMI, Christine Lagarde, a principios de este a\u00f1o.<\/div>\n<div>\n<div id=\"2182499-Grande-460521115_wrap\" class=\"embed_cont type_imagen\">\n<div id=\"2182499-Grande-460521115_content\" class=\"embed_content\"><img decoding=\"async\" id=\"2182499-Grande-460521115_embed\" src=\"http:\/\/cdn01.am.infobae.com\/adjuntos\/163\/imagenes\/014\/332\/0014332275.jpg?0000-00-00-00-00-00\" alt=\"\" \/><\/div>\n<div id=\"2182499-Grande-460521115_epigrafe\" class=\"embed_epigrafe\">El cardenal George Pell junto al papa Francisco<\/div>\n<div id=\"2182499-Grande-460521115_copyright\" class=\"embed_copyright\"><\/div>\n<\/div>\n<div>Varios de las decenas de casos de abusos denunciados en las \u00faltimas d\u00e9cadas ocurrieron en di\u00f3cesis australianas donde Pell, actual prefecto de la Secretar\u00eda de Econom\u00eda de la Santa Sede, ejerc\u00eda como sacerdote o arzobispo entre los a\u00f1os 70 y 90.<\/div>\n<div><\/div>\n<p>El viaje de las v\u00edctimas se organiz\u00f3 despu\u00e9s de que el prelado australiano, que anteriormente declar\u00f3 hasta dos veces ante la comisi\u00f3n, alegara razones de salud para no viajar en esta ocasi\u00f3n a Australia.<\/p><\/div>\n<div><\/div>\n<div>Una campa\u00f1a en Internet consigui\u00f3 recaudar m\u00e1s de 200.000 d\u00f3lares australianos (144.000 d\u00f3lares o 130.000 euros) para financiar el viaje del grupo de australianos.<\/div>\n<div><\/div>\n<div>\n<div id=\"2182511-Grande-1568004956_wrap\" class=\"embed_cont type_imagen\">\n<div id=\"2182511-Grande-1568004956_content\" class=\"embed_content\"><img decoding=\"async\" id=\"2182511-Grande-1568004956_embed\" src=\"http:\/\/cdn01.am.infobae.com\/adjuntos\/163\/imagenes\/014\/332\/0014332401.jpg?0000-00-00-00-00-00\" alt=\"\" \/><\/div>\n<div id=\"2182511-Grande-1568004956_epigrafe\" class=\"embed_epigrafe\">Tony Warldey, Andrew Collins, Peter Blenkiron y Paul Auchettl, v\u00edctimas de los abusos en Australia, llegaron a Roma<\/div>\n<div id=\"2182511-Grande-1568004956_copyright\" class=\"embed_copyright\"><\/div>\n<\/div>\n<p>El grupo de v\u00edctimas proceden de Ballarat, una ciudad en el estado de Victoria (sureste), donde <b>al menos 14 religiosos fueron denunciados por 130 casos de abusos sexuales contra menores desde los a\u00f1os 60.<\/b><\/p>\n<p>Algunos de los que viajan a Roma relataron a<i> ABC<\/i> que esperan que su presencia en el Vaticano inste al cardenal a no eludir los hechos, mientras que otras temen que una estrategia excesivamente defensiva y legalista por parte de Pell aumente su dolor.<\/div>\n<div><\/div>\n<div>David Ridsdale, una de las v\u00edctimas, asegura que cuando llam\u00f3 a Pell en 1993 para contarle que su t\u00edo, un sacerdote, <b>hab\u00eda abusado sexualmente de \u00e9l<\/b>, el ahora cardenal trat\u00f3 de silenciarlo.<\/div>\n<div>\n\u00abHemos visto en la prensa acusaciones de que se trata de una caza de brujas contra el cardenal Pell y no lo es. Es una caza por la verdad\u00bb, asever\u00f3 Ridsdale.<\/div>\n<div>\nOtros integrantes del grupo son Anthony Foster y su mujer, cuyas hijas sufrieron abusos por parte de sacerdotes pederastas.<\/p>\n<p>Algunos de los ni\u00f1os que sufrieron abusos sexuales en las instituciones cat\u00f3licas se suicidaron al hacerse adultos o tienen problemas sociales debido a los traumas sufridos.<\/p><\/div>\n<div><\/div>\n<div>F. Infobae.<\/div>\n","protected":false},"excerpt":{"rendered":"<p>El Vaticano Por un enorme caso de abusos sexuales que lo involucra, el cardenal australiano George Pell, actual prefecto de la Secretar\u00eda de Econom\u00eda de la Santa Sede, declarar\u00e1 a partir de este domingo por la noche (lunes por la ma\u00f1ana en Australia) por videoconferencia ante la Real Comisi\u00f3n sobre la Respuesta Institucional a los [&hellip;]<\/p>\n","protected":false},"author":7,"featured_media":43678,"comment_status":"open","ping_status":"open","sticky":false,"template":"","format":"standard","meta":{"footnotes":""},"categories":[40],"tags":[],"class_list":["post-43677","post","type-post","status-publish","format-standard","has-post-thumbnail","hentry","category-internacionales"],"_links":{"self":[{"href":"https:\/\/2horizontes.com\/index.php?rest_route=\/wp\/v2\/posts\/43677","targetHints":{"allow":["GET"]}}],"collection":[{"href":"https:\/\/2horizontes.com\/index.php?rest_route=\/wp\/v2\/posts"}],"about":[{"href":"https:\/\/2horizontes.com\/index.php?rest_route=\/wp\/v2\/types\/post"}],"author":[{"embeddable":true,"href":"https:\/\/2horizontes.com\/index.php?rest_route=\/wp\/v2\/users\/7"}],"replies":[{"embeddable":true,"href":"https:\/\/2horizontes.com\/index.php?rest_route=%2Fwp%2Fv2%2Fcomments&post=43677"}],"version-history":[{"count":1,"href":"https:\/\/2horizontes.com\/index.php?rest_route=\/wp\/v2\/posts\/43677\/revisions"}],"predecessor-version":[{"id":43679,"href":"https:\/\/2horizontes.com\/index.php?rest_route=\/wp\/v2\/posts\/43677\/revisions\/43679"}],"wp:featuredmedia":[{"embeddable":true,"href":"https:\/\/2horizontes.com\/index.php?rest_route=\/wp\/v2\/media\/43678"}],"wp:attachment":[{"href":"https:\/\/2horizontes.com\/index.php?rest_route=%2Fwp%2Fv2%2Fmedia&parent=43677"}],"wp:term":[{"taxonomy":"category","embeddable":true,"href":"https:\/\/2horizontes.com\/index.php?rest_route=%2Fwp%2Fv2%2Fcategories&post=43677"},{"taxonomy":"post_tag","embeddable":true,"href":"https:\/\/2horizontes.com\/index.php?rest_route=%2Fwp%2Fv2%2Ftags&post=43677"}],"curies":[{"name":"wp","href":"https:\/\/api.w.org\/{rel}","templated":true}]}}