{"id":43618,"date":"2016-02-28T22:16:17","date_gmt":"2016-02-28T21:16:17","guid":{"rendered":"http:\/\/2horizontes.com\/?p=43618"},"modified":"2016-02-28T22:16:17","modified_gmt":"2016-02-28T21:16:17","slug":"el-municipio-mas-joven-de-espana-reclama-un-quinto-colegio-publico","status":"publish","type":"post","link":"https:\/\/2horizontes.com\/?p=43618","title":{"rendered":"El municipio m\u00e1s joven de Espa\u00f1a reclama un quinto colegio p\u00fablico"},"content":{"rendered":"<p>Vecinos de Arroyomolinos, el municipio con la media de edad m\u00e1s joven de Espa\u00f1a (31 a\u00f1os), se han unido para reclamar a la consejer\u00eda de Educaci\u00f3n de la Comunidad de Madrid la construcci\u00f3n de un quinto colegio p\u00fablico por la masificaci\u00f3n de escolares en los centros de la localidad.<\/p>\n<p>Seg\u00fan denuncian a trav\u00e9s de la plataforma SOS Educaci\u00f3n Arroyomolinos, las particularidades demogr\u00e1ficas del municipio han desbordado a los cuatro colegios disponibles hasta el punto de que han tenido que eliminar aulas para poder reubicar a los ni\u00f1os.<\/p>\n<p>As\u00ed, en los centros Torre\u00f3n, Las Casta\u00f1eras, Legazpi y Francisco de Orellana se ha suprimido bibliotecas y salas de profesores, inform\u00e1tica o psicomotricidad. Adem\u00e1s, el comedor est\u00e1 dividido en dos turnos porque no hay espacio f\u00edsico para todos y los escolares, incluso, reciben las clases en los pasillos.<\/p>\n<p>La previsi\u00f3n del pr\u00f3ximo curso, que estima la escolarizaci\u00f3n de unos 600 ni\u00f1os, ha acelerado la reclamaci\u00f3n de la plataforma. Desde la plataforma destacan que esta masificaci\u00f3n atenta contra \u00abel derecho de una educaci\u00f3n p\u00fablica de calidad\u00bb y, en el caso de que la Comunidad no atienda su denuncia, conllevar\u00e1 la desaparici\u00f3n de aulas de ense\u00f1anza \u00abvitales\u00bb para sus hijos. Con un desfase de hasta seis aulas entre las reales y las habilitadas, algunos de estos colegios casi triplican su capacidad.<\/p>\n<p>Seg\u00fan la plataforma vecinal, el Gobierno regional proyect\u00f3 hace dos a\u00f1os la construcci\u00f3n de un quinto colegio en Arroyomolinos, pero a\u00fan no se ha autorizado la edificaci\u00f3n. La organizaci\u00f3n vecinal considera \u00abinaceptable\u00bb la construcci\u00f3n de centros concertados en suelo p\u00fablico \u00abmientras son tan evidentes las demandas y necesidades\u00bb de un nuevo centro en Arroyomolinos.<\/p>\n","protected":false},"excerpt":{"rendered":"<p>Vecinos de Arroyomolinos, el municipio con la media de edad m\u00e1s joven de Espa\u00f1a (31 a\u00f1os), se han unido para reclamar a la consejer\u00eda de Educaci\u00f3n de la Comunidad de Madrid la construcci\u00f3n de un quinto colegio p\u00fablico por la masificaci\u00f3n de escolares en los centros de la localidad. Seg\u00fan denuncian a trav\u00e9s de la [&hellip;]<\/p>\n","protected":false},"author":3,"featured_media":43619,"comment_status":"open","ping_status":"open","sticky":false,"template":"","format":"standard","meta":{"footnotes":""},"categories":[85],"tags":[],"class_list":["post-43618","post","type-post","status-publish","format-standard","has-post-thumbnail","hentry","category-espana"],"_links":{"self":[{"href":"https:\/\/2horizontes.com\/index.php?rest_route=\/wp\/v2\/posts\/43618","targetHints":{"allow":["GET"]}}],"collection":[{"href":"https:\/\/2horizontes.com\/index.php?rest_route=\/wp\/v2\/posts"}],"about":[{"href":"https:\/\/2horizontes.com\/index.php?rest_route=\/wp\/v2\/types\/post"}],"author":[{"embeddable":true,"href":"https:\/\/2horizontes.com\/index.php?rest_route=\/wp\/v2\/users\/3"}],"replies":[{"embeddable":true,"href":"https:\/\/2horizontes.com\/index.php?rest_route=%2Fwp%2Fv2%2Fcomments&post=43618"}],"version-history":[{"count":1,"href":"https:\/\/2horizontes.com\/index.php?rest_route=\/wp\/v2\/posts\/43618\/revisions"}],"predecessor-version":[{"id":43620,"href":"https:\/\/2horizontes.com\/index.php?rest_route=\/wp\/v2\/posts\/43618\/revisions\/43620"}],"wp:featuredmedia":[{"embeddable":true,"href":"https:\/\/2horizontes.com\/index.php?rest_route=\/wp\/v2\/media\/43619"}],"wp:attachment":[{"href":"https:\/\/2horizontes.com\/index.php?rest_route=%2Fwp%2Fv2%2Fmedia&parent=43618"}],"wp:term":[{"taxonomy":"category","embeddable":true,"href":"https:\/\/2horizontes.com\/index.php?rest_route=%2Fwp%2Fv2%2Fcategories&post=43618"},{"taxonomy":"post_tag","embeddable":true,"href":"https:\/\/2horizontes.com\/index.php?rest_route=%2Fwp%2Fv2%2Ftags&post=43618"}],"curies":[{"name":"wp","href":"https:\/\/api.w.org\/{rel}","templated":true}]}}